{"id":2010,"date":"2023-12-01T09:41:21","date_gmt":"2023-12-01T12:41:21","guid":{"rendered":"https:\/\/www.imovelp.com.br\/blog\/?p=2010"},"modified":"2023-12-14T10:21:33","modified_gmt":"2023-12-14T13:21:33","slug":"aumento-vendas-mercado-imobiliario-residencial-3-trimestre","status":"publish","type":"post","link":"https:\/\/www.imovelp.com.br\/blog\/aumento-vendas-mercado-imobiliario-residencial-3-trimestre\/","title":{"rendered":"Mercado Imobili\u00e1rio Residencial Registra Aumento de Vendas no 3\u00ba Trimestre, Indica Estudo"},"content":{"rendered":"\t\t<div data-elementor-type=\"wp-post\" data-elementor-id=\"2010\" class=\"elementor elementor-2010\">\n\t\t\t\t\t\t\t<div class=\"elementor-element elementor-element-458779d e-flex e-con-boxed e-con e-parent\" data-id=\"458779d\" data-element_type=\"container\" data-settings=\"{&quot;content_width&quot;:&quot;boxed&quot;}\" data-core-v316-plus=\"true\">\n\t\t\t\t\t<div class=\"e-con-inner\">\n\t\t\t\t<div class=\"elementor-element elementor-element-fe4c6f9 elementor-widget elementor-widget-heading\" data-id=\"fe4c6f9\" data-element_type=\"widget\" data-widget_type=\"heading.default\">\n\t\t\t\t<div class=\"elementor-widget-container\">\n\t\t\t<style>\/*! elementor - v3.17.0 - 25-10-2023 *\/\n.elementor-heading-title{padding:0;margin:0;line-height:1}.elementor-widget-heading .elementor-heading-title[class*=elementor-size-]>a{color:inherit;font-size:inherit;line-height:inherit}.elementor-widget-heading .elementor-heading-title.elementor-size-small{font-size:15px}.elementor-widget-heading .elementor-heading-title.elementor-size-medium{font-size:19px}.elementor-widget-heading .elementor-heading-title.elementor-size-large{font-size:29px}.elementor-widget-heading .elementor-heading-title.elementor-size-xl{font-size:39px}.elementor-widget-heading .elementor-heading-title.elementor-size-xxl{font-size:59px}<\/style><h6 class=\"elementor-heading-title elementor-size-default\">Alta foi Impulsionada pelo Otimismo no Programa Minha Casa, Minha Vida\n\n<\/h6>\t\t<\/div>\n\t\t\t\t<\/div>\n\t\t\t\t\t<\/div>\n\t\t\t\t<\/div>\n\t\t<div class=\"elementor-element elementor-element-26f8f81 e-flex e-con-boxed e-con e-parent\" data-id=\"26f8f81\" data-element_type=\"container\" data-settings=\"{&quot;content_width&quot;:&quot;boxed&quot;}\" data-core-v316-plus=\"true\">\n\t\t\t\t\t<div class=\"e-con-inner\">\n\t\t\t\t<div class=\"elementor-element elementor-element-fa93ec6 elementor-widget elementor-widget-image\" data-id=\"fa93ec6\" data-element_type=\"widget\" data-widget_type=\"image.default\">\n\t\t\t\t<div class=\"elementor-widget-container\">\n\t\t\t<style>\/*! elementor - v3.17.0 - 25-10-2023 *\/\n.elementor-widget-image{text-align:center}.elementor-widget-image a{display:inline-block}.elementor-widget-image a img[src$=\".svg\"]{width:48px}.elementor-widget-image img{vertical-align:middle;display:inline-block}<\/style>\t\t\t\t\t\t\t\t\t\t\t\t<img decoding=\"async\" loading=\"lazy\" width=\"1024\" height=\"650\" src=\"https:\/\/www.imovelp.com.br\/blog\/wp-content\/uploads\/2023\/12\/Design-sem-nome-25-1024x650.png\" class=\"attachment-large size-large wp-image-2025\" alt=\"\" srcset=\"https:\/\/www.imovelp.com.br\/blog\/wp-content\/uploads\/2023\/12\/Design-sem-nome-25-1024x650.png 1024w, https:\/\/www.imovelp.com.br\/blog\/wp-content\/uploads\/2023\/12\/Design-sem-nome-25-300x190.png 300w, https:\/\/www.imovelp.com.br\/blog\/wp-content\/uploads\/2023\/12\/Design-sem-nome-25-768x488.png 768w, https:\/\/www.imovelp.com.br\/blog\/wp-content\/uploads\/2023\/12\/Design-sem-nome-25-1536x975.png 1536w, https:\/\/www.imovelp.com.br\/blog\/wp-content\/uploads\/2023\/12\/Design-sem-nome-25.png 2048w\" sizes=\"(max-width: 1024px) 100vw, 1024px\" \/>\t\t\t\t\t\t\t\t\t\t\t\t\t\t\t<\/div>\n\t\t\t\t<\/div>\n\t\t\t\t<div class=\"elementor-element elementor-element-77beedd elementor-widget elementor-widget-text-editor\" data-id=\"77beedd\" data-element_type=\"widget\" data-widget_type=\"text-editor.default\">\n\t\t\t\t<div class=\"elementor-widget-container\">\n\t\t\t<style>\/*! elementor - v3.17.0 - 25-10-2023 *\/\n.elementor-widget-text-editor.elementor-drop-cap-view-stacked .elementor-drop-cap{background-color:#69727d;color:#fff}.elementor-widget-text-editor.elementor-drop-cap-view-framed .elementor-drop-cap{color:#69727d;border:3px solid;background-color:transparent}.elementor-widget-text-editor:not(.elementor-drop-cap-view-default) .elementor-drop-cap{margin-top:8px}.elementor-widget-text-editor:not(.elementor-drop-cap-view-default) .elementor-drop-cap-letter{width:1em;height:1em}.elementor-widget-text-editor .elementor-drop-cap{float:left;text-align:center;line-height:1;font-size:50px}.elementor-widget-text-editor .elementor-drop-cap-letter{display:inline-block}<\/style>\t\t\t\t<p>O mercado de im\u00f3veis residenciais experimentou um aumento significativo na procura e nas vendas durante o terceiro trimestre de 2023, impulsionado pelo otimismo no segmento do&nbsp;<a href=\"https:\/\/www.imovelp.com.br\/blog\/novo-mcmv-imovelp-facilita-jornada-casa-propria\/\" target=\"_blank\">Programa Minha Casa, Minha Vida (MCMV)<\/a>. Essa tend\u00eancia positiva \u00e9 revelada pelo Indicador de Confian\u00e7a do Setor Imobili\u00e1rio Residencial, uma&nbsp;<a href=\"https:\/\/www.abrainc.org.br\/estudos-pesquisas-abrainc\/mercado-imobiliario\/painel-de-indicadores-abrainc-3-trimestre-2022\" target=\"_blank\">pesquisa realizada pela Associa\u00e7\u00e3o Brasileira de Incorporadoras Imobili\u00e1rias (Abrainc) em parceria com a Deloitte<\/a>.<\/p>\n<p>O estudo, que ouviu 47 construtoras e incorporadoras do setor imobili\u00e1rio residencial entre 29 de setembro e 15 de outubro, destaca que os lan\u00e7amentos de im\u00f3veis residenciais mant\u00eam uma perspectiva otimista, com destaque para o MCMV, que teve um aumento de 0,30 ponto percentual em rela\u00e7\u00e3o ao segundo trimestre deste ano.<\/p>\n<p>De acordo com a pesquisa, 97% dos entrevistados no segmento MCMV planejam lan\u00e7ar novos im\u00f3veis ou adquirir terrenos nos pr\u00f3ximos 3 a 12 meses. Embora o segmento M\u00e9dio e Alto Padr\u00e3o (MAP) tenha registrado uma porcentagem um pouco mais baixa (93%), a tend\u00eancia permanece positiva.<\/p>\n<p>As expectativas gerais para a aquisi\u00e7\u00e3o de terrenos para futuros empreendimentos residenciais mostraram uma pequena retra\u00e7\u00e3o em rela\u00e7\u00e3o ao trimestre anterior. No entanto, os pre\u00e7os continuam em alta, e as perspectivas para lan\u00e7amentos de novos empreendimentos e aquisi\u00e7\u00f5es de terrenos permanecem excelentes, apesar de uma leve queda nas aquisi\u00e7\u00f5es de terrenos, especialmente no segmento MAP.<\/p>\n<p>O presidente da Abrainc, Luiz Fran\u00e7a, enfatizou que esses resultados mostram que o mercado est\u00e1 aquecido, e os empres\u00e1rios esperam manter esse ritmo em 2024. O setor imobili\u00e1rio continua desempenhando um papel crucial no crescimento da economia, gerando empregos e investimentos.<\/p>\n<p>A pesquisa utiliza notas para classificar as respostas, transformando percentuais em uma escala de 1 a 3, com cada segmento sendo classificado dentro desse padr\u00e3o. Os resultados do terceiro trimestre destacam as seguintes tend\u00eancias:<\/p>\t\t\t\t\t\t<\/div>\n\t\t\t\t<\/div>\n\t\t\t\t\t<\/div>\n\t\t\t\t<\/div>\n\t\t<div class=\"elementor-element elementor-element-c81069f e-flex e-con-boxed e-con e-parent\" data-id=\"c81069f\" data-element_type=\"container\" data-settings=\"{&quot;content_width&quot;:&quot;boxed&quot;}\" data-core-v316-plus=\"true\">\n\t\t\t\t\t<div class=\"e-con-inner\">\n\t\t\t\t<div class=\"elementor-element elementor-element-6992890 elementor-widget elementor-widget-text-editor\" data-id=\"6992890\" data-element_type=\"widget\" data-widget_type=\"text-editor.default\">\n\t\t\t\t<div class=\"elementor-widget-container\">\n\t\t\t\t\t\t\t<ul><li><p>Procura de im\u00f3veis (nota 2,18): A procura por im\u00f3veis residenciais, embora um pouco abaixo do segundo trimestre, mant\u00e9m-se est\u00e1vel, influenciada principalmente pelo segmento MAP, que teve uma leve redu\u00e7\u00e3o.<\/p><\/li><li><p>Vendas (nota 2,18): As vendas de im\u00f3veis residenciais desaceleraram no terceiro trimestre, principalmente devido \u00e0 retra\u00e7\u00e3o no segmento MAP, enquanto o MCMV manteve um desempenho positivo.<\/p><\/li><li><p>Expectativas para vendas (nota 2,47): O setor imobili\u00e1rio residencial espera um aumento nas vendas para o quarto trimestre de 2023 e um forte aumento nos pr\u00f3ximos 12 meses.<\/p><\/li><li><p>Pre\u00e7o de im\u00f3veis (nota 2,52): Os pre\u00e7os de im\u00f3veis residenciais mantiveram-se em alta no terceiro trimestre, com o segmento de MCMV registrando um aumento significativo.<\/p><\/li><li><p>Expectativa para os pre\u00e7os dos im\u00f3veis (nota 2,30): A expectativa para os pre\u00e7os dos im\u00f3veis residenciais permanece em alta, com um forte aumento previsto nos pr\u00f3ximos 12 meses.<\/p><\/li><\/ul>\t\t\t\t\t\t<\/div>\n\t\t\t\t<\/div>\n\t\t\t\t\t<\/div>\n\t\t\t\t<\/div>\n\t\t<div class=\"elementor-element elementor-element-88d39df e-flex e-con-boxed e-con e-parent\" data-id=\"88d39df\" data-element_type=\"container\" data-settings=\"{&quot;content_width&quot;:&quot;boxed&quot;}\" data-core-v316-plus=\"true\">\n\t\t\t\t\t<div class=\"e-con-inner\">\n\t\t\t\t<div class=\"elementor-element elementor-element-3670511 elementor-widget elementor-widget-text-editor\" data-id=\"3670511\" data-element_type=\"widget\" data-widget_type=\"text-editor.default\">\n\t\t\t\t<div class=\"elementor-widget-container\">\n\t\t\t\t\t\t\t<p>A pesquisa mostra que, apesar de uma pequena desacelera\u00e7\u00e3o em alguns aspectos, o mercado imobili\u00e1rio residencial continua robusto, com perspectivas positivas para o futuro.<\/p>\t\t\t\t\t\t<\/div>\n\t\t\t\t<\/div>\n\t\t\t\t\t<\/div>\n\t\t\t\t<\/div>\n\t\t\t\t\t\t\t<\/div>\n\t\t","protected":false},"excerpt":{"rendered":"<p>Alta foi Impulsionada pelo Otimismo no Programa Minha Casa, Minha Vida O mercado de im\u00f3veis residenciais experimentou um aumento significativo na procura e nas vendas durante o terceiro trimestre de&hellip; <\/p>\n","protected":false},"author":2,"featured_media":2025,"comment_status":"open","ping_status":"open","sticky":false,"template":"","format":"standard","meta":{"footnotes":""},"categories":[5,7],"tags":[],"yoast_head":"<!-- This site is optimized with the Yoast SEO plugin v21.5 - https:\/\/yoast.com\/wordpress\/plugins\/seo\/ -->\n<title>Aumento de Vendas Impulsionado pelo Minha Casa, Minha Vida<\/title>\n<meta name=\"description\" content=\"Estudo da Abrainco relata aumento nas vendas no terceiro trimestre de 2023, impulsionado pelo otimismo no Programa Minha Casa, Minha Vida.\" \/>\n<meta name=\"robots\" content=\"index, follow, max-snippet:-1, max-image-preview:large, max-video-preview:-1\" \/>\n<link rel=\"canonical\" href=\"https:\/\/www.imovelp.com.br\/blog\/aumento-vendas-mercado-imobiliario-residencial-3-trimestre\/\" \/>\n<meta property=\"og:locale\" content=\"en_US\" \/>\n<meta property=\"og:type\" content=\"article\" \/>\n<meta property=\"og:title\" content=\"Aumento de Vendas Impulsionado pelo Minha Casa, Minha Vida\" \/>\n<meta property=\"og:description\" content=\"Estudo da Abrainco relata aumento nas vendas no terceiro trimestre de 2023, impulsionado pelo otimismo no Programa Minha Casa, Minha Vida.\" \/>\n<meta property=\"og:url\" content=\"https:\/\/www.imovelp.com.br\/blog\/aumento-vendas-mercado-imobiliario-residencial-3-trimestre\/\" \/>\n<meta property=\"og:site_name\" content=\"Jornal Im\u00f3velp\" \/>\n<meta property=\"article:published_time\" content=\"2023-12-01T12:41:21+00:00\" \/>\n<meta property=\"article:modified_time\" content=\"2023-12-14T13:21:33+00:00\" \/>\n<meta property=\"og:image\" content=\"https:\/\/www.imovelp.com.br\/blog\/wp-content\/uploads\/2023\/12\/Design-sem-nome-25-1024x650.png\" \/>\n\t<meta property=\"og:image:width\" content=\"1024\" \/>\n\t<meta property=\"og:image:height\" content=\"650\" \/>\n\t<meta property=\"og:image:type\" content=\"image\/png\" \/>\n<meta name=\"author\" content=\"Marcos Monteiro\" \/>\n<meta name=\"twitter:card\" content=\"summary_large_image\" \/>\n<meta name=\"twitter:label1\" content=\"Written by\" \/>\n\t<meta name=\"twitter:data1\" content=\"Marcos Monteiro\" \/>\n\t<meta name=\"twitter:label2\" content=\"Est. reading time\" \/>\n\t<meta name=\"twitter:data2\" content=\"3 minutes\" \/>\n<script type=\"application\/ld+json\" class=\"yoast-schema-graph\">{\"@context\":\"https:\/\/schema.org\",\"@graph\":[{\"@type\":\"WebPage\",\"@id\":\"https:\/\/www.imovelp.com.br\/blog\/aumento-vendas-mercado-imobiliario-residencial-3-trimestre\/\",\"url\":\"https:\/\/www.imovelp.com.br\/blog\/aumento-vendas-mercado-imobiliario-residencial-3-trimestre\/\",\"name\":\"Aumento de Vendas Impulsionado pelo Minha Casa, Minha Vida\",\"isPartOf\":{\"@id\":\"https:\/\/www.imovelp.com.br\/blog\/#website\"},\"datePublished\":\"2023-12-01T12:41:21+00:00\",\"dateModified\":\"2023-12-14T13:21:33+00:00\",\"author\":{\"@id\":\"https:\/\/www.imovelp.com.br\/blog\/#\/schema\/person\/8fb1cc29840aba4154ec6a52e70be40a\"},\"description\":\"Estudo da Abrainco relata aumento nas vendas no terceiro trimestre de 2023, impulsionado pelo otimismo no Programa Minha Casa, Minha Vida.\",\"breadcrumb\":{\"@id\":\"https:\/\/www.imovelp.com.br\/blog\/aumento-vendas-mercado-imobiliario-residencial-3-trimestre\/#breadcrumb\"},\"inLanguage\":\"en-US\",\"potentialAction\":[{\"@type\":\"ReadAction\",\"target\":[\"https:\/\/www.imovelp.com.br\/blog\/aumento-vendas-mercado-imobiliario-residencial-3-trimestre\/\"]}]},{\"@type\":\"BreadcrumbList\",\"@id\":\"https:\/\/www.imovelp.com.br\/blog\/aumento-vendas-mercado-imobiliario-residencial-3-trimestre\/#breadcrumb\",\"itemListElement\":[{\"@type\":\"ListItem\",\"position\":1,\"name\":\"Home\",\"item\":\"https:\/\/www.imovelp.com.br\/blog\/\"},{\"@type\":\"ListItem\",\"position\":2,\"name\":\"Mercado Imobili\u00e1rio Residencial Registra Aumento de Vendas no 3\u00ba Trimestre, Indica Estudo\"}]},{\"@type\":\"WebSite\",\"@id\":\"https:\/\/www.imovelp.com.br\/blog\/#website\",\"url\":\"https:\/\/www.imovelp.com.br\/blog\/\",\"name\":\"Jornal Im\u00f3velp\",\"description\":\"Portal de Not\u00edcias do Corretor de Im\u00f3veis\",\"potentialAction\":[{\"@type\":\"SearchAction\",\"target\":{\"@type\":\"EntryPoint\",\"urlTemplate\":\"https:\/\/www.imovelp.com.br\/blog\/?s={search_term_string}\"},\"query-input\":\"required name=search_term_string\"}],\"inLanguage\":\"en-US\"},{\"@type\":\"Person\",\"@id\":\"https:\/\/www.imovelp.com.br\/blog\/#\/schema\/person\/8fb1cc29840aba4154ec6a52e70be40a\",\"name\":\"Marcos Monteiro\",\"image\":{\"@type\":\"ImageObject\",\"inLanguage\":\"en-US\",\"@id\":\"https:\/\/www.imovelp.com.br\/blog\/#\/schema\/person\/image\/\",\"url\":\"https:\/\/secure.gravatar.com\/avatar\/da25bf23c2e75965766176dcd3fc7564?s=96&d=mm&r=g\",\"contentUrl\":\"https:\/\/secure.gravatar.com\/avatar\/da25bf23c2e75965766176dcd3fc7564?s=96&d=mm&r=g\",\"caption\":\"Marcos Monteiro\"},\"url\":\"https:\/\/www.imovelp.com.br\/blog\/author\/redacao-imovelp\/\"}]}<\/script>\n<!-- \/ Yoast SEO plugin. -->","yoast_head_json":{"title":"Aumento de Vendas Impulsionado pelo Minha Casa, Minha Vida","description":"Estudo da Abrainco relata aumento nas vendas no terceiro trimestre de 2023, impulsionado pelo otimismo no Programa Minha Casa, Minha Vida.","robots":{"index":"index","follow":"follow","max-snippet":"max-snippet:-1","max-image-preview":"max-image-preview:large","max-video-preview":"max-video-preview:-1"},"canonical":"https:\/\/www.imovelp.com.br\/blog\/aumento-vendas-mercado-imobiliario-residencial-3-trimestre\/","og_locale":"en_US","og_type":"article","og_title":"Aumento de Vendas Impulsionado pelo Minha Casa, Minha Vida","og_description":"Estudo da Abrainco relata aumento nas vendas no terceiro trimestre de 2023, impulsionado pelo otimismo no Programa Minha Casa, Minha Vida.","og_url":"https:\/\/www.imovelp.com.br\/blog\/aumento-vendas-mercado-imobiliario-residencial-3-trimestre\/","og_site_name":"Jornal Im\u00f3velp","article_published_time":"2023-12-01T12:41:21+00:00","article_modified_time":"2023-12-14T13:21:33+00:00","og_image":[{"width":1024,"height":650,"url":"https:\/\/www.imovelp.com.br\/blog\/wp-content\/uploads\/2023\/12\/Design-sem-nome-25-1024x650.png","type":"image\/png"}],"author":"Marcos Monteiro","twitter_card":"summary_large_image","twitter_misc":{"Written by":"Marcos Monteiro","Est. reading time":"3 minutes"},"schema":{"@context":"https:\/\/schema.org","@graph":[{"@type":"WebPage","@id":"https:\/\/www.imovelp.com.br\/blog\/aumento-vendas-mercado-imobiliario-residencial-3-trimestre\/","url":"https:\/\/www.imovelp.com.br\/blog\/aumento-vendas-mercado-imobiliario-residencial-3-trimestre\/","name":"Aumento de Vendas Impulsionado pelo Minha Casa, Minha Vida","isPartOf":{"@id":"https:\/\/www.imovelp.com.br\/blog\/#website"},"datePublished":"2023-12-01T12:41:21+00:00","dateModified":"2023-12-14T13:21:33+00:00","author":{"@id":"https:\/\/www.imovelp.com.br\/blog\/#\/schema\/person\/8fb1cc29840aba4154ec6a52e70be40a"},"description":"Estudo da Abrainco relata aumento nas vendas no terceiro trimestre de 2023, impulsionado pelo otimismo no Programa Minha Casa, Minha Vida.","breadcrumb":{"@id":"https:\/\/www.imovelp.com.br\/blog\/aumento-vendas-mercado-imobiliario-residencial-3-trimestre\/#breadcrumb"},"inLanguage":"en-US","potentialAction":[{"@type":"ReadAction","target":["https:\/\/www.imovelp.com.br\/blog\/aumento-vendas-mercado-imobiliario-residencial-3-trimestre\/"]}]},{"@type":"BreadcrumbList","@id":"https:\/\/www.imovelp.com.br\/blog\/aumento-vendas-mercado-imobiliario-residencial-3-trimestre\/#breadcrumb","itemListElement":[{"@type":"ListItem","position":1,"name":"Home","item":"https:\/\/www.imovelp.com.br\/blog\/"},{"@type":"ListItem","position":2,"name":"Mercado Imobili\u00e1rio Residencial Registra Aumento de Vendas no 3\u00ba Trimestre, Indica Estudo"}]},{"@type":"WebSite","@id":"https:\/\/www.imovelp.com.br\/blog\/#website","url":"https:\/\/www.imovelp.com.br\/blog\/","name":"Jornal Im\u00f3velp","description":"Portal de Not\u00edcias do Corretor de Im\u00f3veis","potentialAction":[{"@type":"SearchAction","target":{"@type":"EntryPoint","urlTemplate":"https:\/\/www.imovelp.com.br\/blog\/?s={search_term_string}"},"query-input":"required name=search_term_string"}],"inLanguage":"en-US"},{"@type":"Person","@id":"https:\/\/www.imovelp.com.br\/blog\/#\/schema\/person\/8fb1cc29840aba4154ec6a52e70be40a","name":"Marcos Monteiro","image":{"@type":"ImageObject","inLanguage":"en-US","@id":"https:\/\/www.imovelp.com.br\/blog\/#\/schema\/person\/image\/","url":"https:\/\/secure.gravatar.com\/avatar\/da25bf23c2e75965766176dcd3fc7564?s=96&d=mm&r=g","contentUrl":"https:\/\/secure.gravatar.com\/avatar\/da25bf23c2e75965766176dcd3fc7564?s=96&d=mm&r=g","caption":"Marcos Monteiro"},"url":"https:\/\/www.imovelp.com.br\/blog\/author\/redacao-imovelp\/"}]}},"_links":{"self":[{"href":"https:\/\/www.imovelp.com.br\/blog\/wp-json\/wp\/v2\/posts\/2010"}],"collection":[{"href":"https:\/\/www.imovelp.com.br\/blog\/wp-json\/wp\/v2\/posts"}],"about":[{"href":"https:\/\/www.imovelp.com.br\/blog\/wp-json\/wp\/v2\/types\/post"}],"author":[{"embeddable":true,"href":"https:\/\/www.imovelp.com.br\/blog\/wp-json\/wp\/v2\/users\/2"}],"replies":[{"embeddable":true,"href":"https:\/\/www.imovelp.com.br\/blog\/wp-json\/wp\/v2\/comments?post=2010"}],"version-history":[{"count":9,"href":"https:\/\/www.imovelp.com.br\/blog\/wp-json\/wp\/v2\/posts\/2010\/revisions"}],"predecessor-version":[{"id":2030,"href":"https:\/\/www.imovelp.com.br\/blog\/wp-json\/wp\/v2\/posts\/2010\/revisions\/2030"}],"wp:featuredmedia":[{"embeddable":true,"href":"https:\/\/www.imovelp.com.br\/blog\/wp-json\/wp\/v2\/media\/2025"}],"wp:attachment":[{"href":"https:\/\/www.imovelp.com.br\/blog\/wp-json\/wp\/v2\/media?parent=2010"}],"wp:term":[{"taxonomy":"category","embeddable":true,"href":"https:\/\/www.imovelp.com.br\/blog\/wp-json\/wp\/v2\/categories?post=2010"},{"taxonomy":"post_tag","embeddable":true,"href":"https:\/\/www.imovelp.com.br\/blog\/wp-json\/wp\/v2\/tags?post=2010"}],"curies":[{"name":"wp","href":"https:\/\/api.w.org\/{rel}","templated":true}]}}