{"id":1988,"date":"2023-11-24T02:30:32","date_gmt":"2023-11-24T05:30:32","guid":{"rendered":"https:\/\/www.imovelp.com.br\/blog\/?p=1988"},"modified":"2023-11-24T02:42:14","modified_gmt":"2023-11-24T05:42:14","slug":"imovelp-case-sp-2023","status":"publish","type":"post","link":"https:\/\/www.imovelp.com.br\/blog\/imovelp-case-sp-2023\/","title":{"rendered":"Im\u00f3velp Marca Presen\u00e7a na 10\u00aa Edi\u00e7\u00e3o do CASE SP 2023"},"content":{"rendered":"\t\t<div data-elementor-type=\"wp-post\" data-elementor-id=\"1988\" class=\"elementor elementor-1988\">\n\t\t\t\t\t\t\t<div class=\"elementor-element elementor-element-62bc1edc e-flex e-con-boxed e-con e-parent\" data-id=\"62bc1edc\" data-element_type=\"container\" data-settings=\"{&quot;content_width&quot;:&quot;boxed&quot;}\" data-core-v316-plus=\"true\">\n\t\t\t\t\t<div class=\"e-con-inner\">\n\t\t\t\t<div class=\"elementor-element elementor-element-1e358c89 elementor-widget elementor-widget-text-editor\" data-id=\"1e358c89\" data-element_type=\"widget\" data-widget_type=\"text-editor.default\">\n\t\t\t\t<div class=\"elementor-widget-container\">\n\t\t\t<style>\/*! elementor - v3.17.0 - 25-10-2023 *\/\n.elementor-widget-text-editor.elementor-drop-cap-view-stacked .elementor-drop-cap{background-color:#69727d;color:#fff}.elementor-widget-text-editor.elementor-drop-cap-view-framed .elementor-drop-cap{color:#69727d;border:3px solid;background-color:transparent}.elementor-widget-text-editor:not(.elementor-drop-cap-view-default) .elementor-drop-cap{margin-top:8px}.elementor-widget-text-editor:not(.elementor-drop-cap-view-default) .elementor-drop-cap-letter{width:1em;height:1em}.elementor-widget-text-editor .elementor-drop-cap{float:left;text-align:center;line-height:1;font-size:50px}.elementor-widget-text-editor .elementor-drop-cap-letter{display:inline-block}<\/style>\t\t\t\t<p>S\u00e3o Paulo, SP &#8211; No cen\u00e1rio de inova\u00e7\u00e3o e empreendedorismo, a Im\u00f3velp se destaca ao participar da 10\u00aa edi\u00e7\u00e3o do CASE (Confer\u00eancia Anual de Startups e Empreendedorismo), um evento que se consolidou como refer\u00eancia no ecossistema de startups do Brasil. Este ano, o evento aconteceu nos dias 22 e 23 de novembro de 2023, no Expo Center Norte, em S\u00e3o Paulo.<\/p>\n<p><\/p>\n<p><strong>Sob o Pavilh\u00e3o do Sebrae for Startups:<\/strong> A Im\u00f3velp marcou sua presen\u00e7a no estande do Sebrae for Startups, contribuindo para a atmosfera vibrante e colaborativa do evento. Com foco em conectar startups, empreendedores, e empresas inovadoras, o CASE proporcionou uma oportunidade \u00edmpar para compartilhar conhecimento, estabelecer parcerias e explorar as \u00faltimas tend\u00eancias no universo das startups.<\/p>\n<p><\/p>\n<p><strong>\ud83d\udcc8 Construindo o Futuro do Mercado Imobili\u00e1rio \ud83d\ude80<\/strong><\/p>\n<p>A Im\u00f3velp reafirmou o compromisso de liderar a transforma\u00e7\u00e3o digital no mercado imobili\u00e1rio e continuar a ser a ponte entre inova\u00e7\u00e3o e o setor imobili\u00e1rio, impulsionando resultados e criando solu\u00e7\u00f5es que refletem as necessidades do mercado.<\/p>\t\t\t\t\t\t<\/div>\n\t\t\t\t<\/div>\n\t\t\t\t\t<\/div>\n\t\t\t\t<\/div>\n\t\t<div class=\"elementor-element elementor-element-2fb8a40 e-flex e-con-boxed e-con e-parent\" data-id=\"2fb8a40\" data-element_type=\"container\" data-settings=\"{&quot;content_width&quot;:&quot;boxed&quot;}\" data-core-v316-plus=\"true\">\n\t\t\t\t\t<div class=\"e-con-inner\">\n\t\t\t\t<div class=\"elementor-element elementor-element-15a6dea elementor-widget elementor-widget-image\" data-id=\"15a6dea\" data-element_type=\"widget\" data-widget_type=\"image.default\">\n\t\t\t\t<div class=\"elementor-widget-container\">\n\t\t\t<style>\/*! elementor - v3.17.0 - 25-10-2023 *\/\n.elementor-widget-image{text-align:center}.elementor-widget-image a{display:inline-block}.elementor-widget-image a img[src$=\".svg\"]{width:48px}.elementor-widget-image img{vertical-align:middle;display:inline-block}<\/style>\t\t\t\t\t\t\t\t\t<figure class=\"wp-caption\">\n\t\t\t\t\t\t\t\t\t\t<img decoding=\"async\" loading=\"lazy\" width=\"768\" height=\"1024\" src=\"https:\/\/www.imovelp.com.br\/blog\/wp-content\/uploads\/2023\/11\/WhatsApp-Image-2023-11-22-at-12.31.20-768x1024.jpeg\" class=\"attachment-large size-large wp-image-1989\" alt=\"Simone Barbato (Coordenadora de Parcerias) e Renato Orfaly (CEO e Co-Founder Im\u00f3velp)\" srcset=\"https:\/\/www.imovelp.com.br\/blog\/wp-content\/uploads\/2023\/11\/WhatsApp-Image-2023-11-22-at-12.31.20-768x1024.jpeg 768w, https:\/\/www.imovelp.com.br\/blog\/wp-content\/uploads\/2023\/11\/WhatsApp-Image-2023-11-22-at-12.31.20-225x300.jpeg 225w, https:\/\/www.imovelp.com.br\/blog\/wp-content\/uploads\/2023\/11\/WhatsApp-Image-2023-11-22-at-12.31.20-1152x1536.jpeg 1152w, https:\/\/www.imovelp.com.br\/blog\/wp-content\/uploads\/2023\/11\/WhatsApp-Image-2023-11-22-at-12.31.20.jpeg 1200w\" sizes=\"(max-width: 768px) 100vw, 768px\" \/>\t\t\t\t\t\t\t\t\t\t\t<figcaption class=\"widget-image-caption wp-caption-text\">Simone Barbato (Coordenadora de Parcerias) e Renato Orfaly (CEO e Co-Founder Im\u00f3velp)<\/figcaption>\n\t\t\t\t\t\t\t\t\t\t<\/figure>\n\t\t\t\t\t\t\t\t\t<\/div>\n\t\t\t\t<\/div>\n\t\t\t\t\t<\/div>\n\t\t\t\t<\/div>\n\t\t\t\t\t\t\t<\/div>\n\t\t","protected":false},"excerpt":{"rendered":"<p>S\u00e3o Paulo, SP &#8211; No cen\u00e1rio de inova\u00e7\u00e3o e empreendedorismo, a Im\u00f3velp se destaca ao participar da 10\u00aa edi\u00e7\u00e3o do CASE (Confer\u00eancia Anual de Startups e Empreendedorismo), um evento que&hellip; <\/p>\n","protected":false},"author":2,"featured_media":1989,"comment_status":"open","ping_status":"open","sticky":false,"template":"","format":"standard","meta":{"footnotes":""},"categories":[5,7],"tags":[17,18,13,15,16],"yoast_head":"<!-- This site is optimized with the Yoast SEO plugin v21.5 - https:\/\/yoast.com\/wordpress\/plugins\/seo\/ -->\n<title>Im\u00f3velp no CASE SP 2023<\/title>\n<meta name=\"description\" content=\"Im\u00f3velp esteve presente no CASE SP 2023, evento mais esperado do ecossistema de startups, conectando inova\u00e7\u00e3o e mercado imobili\u00e1rio.\" \/>\n<meta name=\"robots\" content=\"index, follow, max-snippet:-1, max-image-preview:large, max-video-preview:-1\" \/>\n<link rel=\"canonical\" href=\"https:\/\/www.imovelp.com.br\/blog\/imovelp-case-sp-2023\/\" \/>\n<meta property=\"og:locale\" content=\"en_US\" \/>\n<meta property=\"og:type\" content=\"article\" \/>\n<meta property=\"og:title\" content=\"Im\u00f3velp no CASE SP 2023\" \/>\n<meta property=\"og:description\" content=\"Im\u00f3velp esteve presente no CASE SP 2023, evento mais esperado do ecossistema de startups, conectando inova\u00e7\u00e3o e mercado imobili\u00e1rio.\" \/>\n<meta property=\"og:url\" content=\"https:\/\/www.imovelp.com.br\/blog\/imovelp-case-sp-2023\/\" \/>\n<meta property=\"og:site_name\" content=\"Jornal Im\u00f3velp\" \/>\n<meta property=\"article:published_time\" content=\"2023-11-24T05:30:32+00:00\" \/>\n<meta property=\"article:modified_time\" content=\"2023-11-24T05:42:14+00:00\" \/>\n<meta property=\"og:image\" content=\"https:\/\/www.imovelp.com.br\/blog\/wp-content\/uploads\/2023\/11\/WhatsApp-Image-2023-11-22-at-12.31.20.jpeg\" \/>\n\t<meta property=\"og:image:width\" content=\"1200\" \/>\n\t<meta property=\"og:image:height\" content=\"1600\" \/>\n\t<meta property=\"og:image:type\" content=\"image\/jpeg\" \/>\n<meta name=\"author\" content=\"Marcos Monteiro\" \/>\n<meta name=\"twitter:card\" content=\"summary_large_image\" \/>\n<meta name=\"twitter:label1\" content=\"Written by\" \/>\n\t<meta name=\"twitter:data1\" content=\"Marcos Monteiro\" \/>\n\t<meta name=\"twitter:label2\" content=\"Est. reading time\" \/>\n\t<meta name=\"twitter:data2\" content=\"1 minute\" \/>\n<script type=\"application\/ld+json\" class=\"yoast-schema-graph\">{\"@context\":\"https:\/\/schema.org\",\"@graph\":[{\"@type\":\"WebPage\",\"@id\":\"https:\/\/www.imovelp.com.br\/blog\/imovelp-case-sp-2023\/\",\"url\":\"https:\/\/www.imovelp.com.br\/blog\/imovelp-case-sp-2023\/\",\"name\":\"Im\u00f3velp no CASE SP 2023\",\"isPartOf\":{\"@id\":\"https:\/\/www.imovelp.com.br\/blog\/#website\"},\"datePublished\":\"2023-11-24T05:30:32+00:00\",\"dateModified\":\"2023-11-24T05:42:14+00:00\",\"author\":{\"@id\":\"https:\/\/www.imovelp.com.br\/blog\/#\/schema\/person\/8fb1cc29840aba4154ec6a52e70be40a\"},\"description\":\"Im\u00f3velp esteve presente no CASE SP 2023, evento mais esperado do ecossistema de startups, conectando inova\u00e7\u00e3o e mercado imobili\u00e1rio.\",\"breadcrumb\":{\"@id\":\"https:\/\/www.imovelp.com.br\/blog\/imovelp-case-sp-2023\/#breadcrumb\"},\"inLanguage\":\"en-US\",\"potentialAction\":[{\"@type\":\"ReadAction\",\"target\":[\"https:\/\/www.imovelp.com.br\/blog\/imovelp-case-sp-2023\/\"]}]},{\"@type\":\"BreadcrumbList\",\"@id\":\"https:\/\/www.imovelp.com.br\/blog\/imovelp-case-sp-2023\/#breadcrumb\",\"itemListElement\":[{\"@type\":\"ListItem\",\"position\":1,\"name\":\"Home\",\"item\":\"https:\/\/www.imovelp.com.br\/blog\/\"},{\"@type\":\"ListItem\",\"position\":2,\"name\":\"Im\u00f3velp Marca Presen\u00e7a na 10\u00aa Edi\u00e7\u00e3o do CASE SP 2023\"}]},{\"@type\":\"WebSite\",\"@id\":\"https:\/\/www.imovelp.com.br\/blog\/#website\",\"url\":\"https:\/\/www.imovelp.com.br\/blog\/\",\"name\":\"Jornal Im\u00f3velp\",\"description\":\"Portal de Not\u00edcias do Corretor de Im\u00f3veis\",\"potentialAction\":[{\"@type\":\"SearchAction\",\"target\":{\"@type\":\"EntryPoint\",\"urlTemplate\":\"https:\/\/www.imovelp.com.br\/blog\/?s={search_term_string}\"},\"query-input\":\"required name=search_term_string\"}],\"inLanguage\":\"en-US\"},{\"@type\":\"Person\",\"@id\":\"https:\/\/www.imovelp.com.br\/blog\/#\/schema\/person\/8fb1cc29840aba4154ec6a52e70be40a\",\"name\":\"Marcos Monteiro\",\"image\":{\"@type\":\"ImageObject\",\"inLanguage\":\"en-US\",\"@id\":\"https:\/\/www.imovelp.com.br\/blog\/#\/schema\/person\/image\/\",\"url\":\"https:\/\/secure.gravatar.com\/avatar\/da25bf23c2e75965766176dcd3fc7564?s=96&d=mm&r=g\",\"contentUrl\":\"https:\/\/secure.gravatar.com\/avatar\/da25bf23c2e75965766176dcd3fc7564?s=96&d=mm&r=g\",\"caption\":\"Marcos Monteiro\"},\"url\":\"https:\/\/www.imovelp.com.br\/blog\/author\/redacao-imovelp\/\"}]}<\/script>\n<!-- \/ Yoast SEO plugin. -->","yoast_head_json":{"title":"Im\u00f3velp no CASE SP 2023","description":"Im\u00f3velp esteve presente no CASE SP 2023, evento mais esperado do ecossistema de startups, conectando inova\u00e7\u00e3o e mercado imobili\u00e1rio.","robots":{"index":"index","follow":"follow","max-snippet":"max-snippet:-1","max-image-preview":"max-image-preview:large","max-video-preview":"max-video-preview:-1"},"canonical":"https:\/\/www.imovelp.com.br\/blog\/imovelp-case-sp-2023\/","og_locale":"en_US","og_type":"article","og_title":"Im\u00f3velp no CASE SP 2023","og_description":"Im\u00f3velp esteve presente no CASE SP 2023, evento mais esperado do ecossistema de startups, conectando inova\u00e7\u00e3o e mercado imobili\u00e1rio.","og_url":"https:\/\/www.imovelp.com.br\/blog\/imovelp-case-sp-2023\/","og_site_name":"Jornal Im\u00f3velp","article_published_time":"2023-11-24T05:30:32+00:00","article_modified_time":"2023-11-24T05:42:14+00:00","og_image":[{"width":1200,"height":1600,"url":"https:\/\/www.imovelp.com.br\/blog\/wp-content\/uploads\/2023\/11\/WhatsApp-Image-2023-11-22-at-12.31.20.jpeg","type":"image\/jpeg"}],"author":"Marcos Monteiro","twitter_card":"summary_large_image","twitter_misc":{"Written by":"Marcos Monteiro","Est. reading time":"1 minute"},"schema":{"@context":"https:\/\/schema.org","@graph":[{"@type":"WebPage","@id":"https:\/\/www.imovelp.com.br\/blog\/imovelp-case-sp-2023\/","url":"https:\/\/www.imovelp.com.br\/blog\/imovelp-case-sp-2023\/","name":"Im\u00f3velp no CASE SP 2023","isPartOf":{"@id":"https:\/\/www.imovelp.com.br\/blog\/#website"},"datePublished":"2023-11-24T05:30:32+00:00","dateModified":"2023-11-24T05:42:14+00:00","author":{"@id":"https:\/\/www.imovelp.com.br\/blog\/#\/schema\/person\/8fb1cc29840aba4154ec6a52e70be40a"},"description":"Im\u00f3velp esteve presente no CASE SP 2023, evento mais esperado do ecossistema de startups, conectando inova\u00e7\u00e3o e mercado imobili\u00e1rio.","breadcrumb":{"@id":"https:\/\/www.imovelp.com.br\/blog\/imovelp-case-sp-2023\/#breadcrumb"},"inLanguage":"en-US","potentialAction":[{"@type":"ReadAction","target":["https:\/\/www.imovelp.com.br\/blog\/imovelp-case-sp-2023\/"]}]},{"@type":"BreadcrumbList","@id":"https:\/\/www.imovelp.com.br\/blog\/imovelp-case-sp-2023\/#breadcrumb","itemListElement":[{"@type":"ListItem","position":1,"name":"Home","item":"https:\/\/www.imovelp.com.br\/blog\/"},{"@type":"ListItem","position":2,"name":"Im\u00f3velp Marca Presen\u00e7a na 10\u00aa Edi\u00e7\u00e3o do CASE SP 2023"}]},{"@type":"WebSite","@id":"https:\/\/www.imovelp.com.br\/blog\/#website","url":"https:\/\/www.imovelp.com.br\/blog\/","name":"Jornal Im\u00f3velp","description":"Portal de Not\u00edcias do Corretor de Im\u00f3veis","potentialAction":[{"@type":"SearchAction","target":{"@type":"EntryPoint","urlTemplate":"https:\/\/www.imovelp.com.br\/blog\/?s={search_term_string}"},"query-input":"required name=search_term_string"}],"inLanguage":"en-US"},{"@type":"Person","@id":"https:\/\/www.imovelp.com.br\/blog\/#\/schema\/person\/8fb1cc29840aba4154ec6a52e70be40a","name":"Marcos Monteiro","image":{"@type":"ImageObject","inLanguage":"en-US","@id":"https:\/\/www.imovelp.com.br\/blog\/#\/schema\/person\/image\/","url":"https:\/\/secure.gravatar.com\/avatar\/da25bf23c2e75965766176dcd3fc7564?s=96&d=mm&r=g","contentUrl":"https:\/\/secure.gravatar.com\/avatar\/da25bf23c2e75965766176dcd3fc7564?s=96&d=mm&r=g","caption":"Marcos Monteiro"},"url":"https:\/\/www.imovelp.com.br\/blog\/author\/redacao-imovelp\/"}]}},"_links":{"self":[{"href":"https:\/\/www.imovelp.com.br\/blog\/wp-json\/wp\/v2\/posts\/1988"}],"collection":[{"href":"https:\/\/www.imovelp.com.br\/blog\/wp-json\/wp\/v2\/posts"}],"about":[{"href":"https:\/\/www.imovelp.com.br\/blog\/wp-json\/wp\/v2\/types\/post"}],"author":[{"embeddable":true,"href":"https:\/\/www.imovelp.com.br\/blog\/wp-json\/wp\/v2\/users\/2"}],"replies":[{"embeddable":true,"href":"https:\/\/www.imovelp.com.br\/blog\/wp-json\/wp\/v2\/comments?post=1988"}],"version-history":[{"count":8,"href":"https:\/\/www.imovelp.com.br\/blog\/wp-json\/wp\/v2\/posts\/1988\/revisions"}],"predecessor-version":[{"id":2000,"href":"https:\/\/www.imovelp.com.br\/blog\/wp-json\/wp\/v2\/posts\/1988\/revisions\/2000"}],"wp:featuredmedia":[{"embeddable":true,"href":"https:\/\/www.imovelp.com.br\/blog\/wp-json\/wp\/v2\/media\/1989"}],"wp:attachment":[{"href":"https:\/\/www.imovelp.com.br\/blog\/wp-json\/wp\/v2\/media?parent=1988"}],"wp:term":[{"taxonomy":"category","embeddable":true,"href":"https:\/\/www.imovelp.com.br\/blog\/wp-json\/wp\/v2\/categories?post=1988"},{"taxonomy":"post_tag","embeddable":true,"href":"https:\/\/www.imovelp.com.br\/blog\/wp-json\/wp\/v2\/tags?post=1988"}],"curies":[{"name":"wp","href":"https:\/\/api.w.org\/{rel}","templated":true}]}}