{"id":1971,"date":"2023-11-06T10:01:32","date_gmt":"2023-11-06T13:01:32","guid":{"rendered":"https:\/\/www.imovelp.com.br\/blog\/?p=1971"},"modified":"2023-11-06T10:04:48","modified_gmt":"2023-11-06T13:04:48","slug":"simone-barbato-nova-coordenadoradeparcerias-imovelp","status":"publish","type":"post","link":"https:\/\/www.imovelp.com.br\/blog\/simone-barbato-nova-coordenadoradeparcerias-imovelp\/","title":{"rendered":"Im\u00f3velp Anuncia a Nomea\u00e7\u00e3o de Simone Barbato como Coordenadora de Parcerias"},"content":{"rendered":"\t\t<div data-elementor-type=\"wp-post\" data-elementor-id=\"1971\" class=\"elementor elementor-1971\">\n\t\t\t\t\t\t\t<div class=\"elementor-element elementor-element-4757531 e-flex e-con-boxed e-con e-parent\" data-id=\"4757531\" data-element_type=\"container\" data-settings=\"{&quot;content_width&quot;:&quot;boxed&quot;}\" data-core-v316-plus=\"true\">\n\t\t\t\t\t<div class=\"e-con-inner\">\n\t\t\t\t<div class=\"elementor-element elementor-element-9a93e3a elementor-widget elementor-widget-text-editor\" data-id=\"9a93e3a\" data-element_type=\"widget\" data-widget_type=\"text-editor.default\">\n\t\t\t\t<div class=\"elementor-widget-container\">\n\t\t\t<style>\/*! elementor - v3.17.0 - 25-10-2023 *\/\n.elementor-widget-text-editor.elementor-drop-cap-view-stacked .elementor-drop-cap{background-color:#69727d;color:#fff}.elementor-widget-text-editor.elementor-drop-cap-view-framed .elementor-drop-cap{color:#69727d;border:3px solid;background-color:transparent}.elementor-widget-text-editor:not(.elementor-drop-cap-view-default) .elementor-drop-cap{margin-top:8px}.elementor-widget-text-editor:not(.elementor-drop-cap-view-default) .elementor-drop-cap-letter{width:1em;height:1em}.elementor-widget-text-editor .elementor-drop-cap{float:left;text-align:center;line-height:1;font-size:50px}.elementor-widget-text-editor .elementor-drop-cap-letter{display:inline-block}<\/style>\t\t\t\t<p>Com mais de uma d\u00e9cada de experi\u00eancia na ind\u00fastria imobili\u00e1ria, Simone \u00e9 uma profissional de destaque, e sua incorpora\u00e7\u00e3o \u00e0 equipe Im\u00f3velp refor\u00e7a o compromisso da empresa em fornecer solu\u00e7\u00f5es inovadoras e de alta qualidade a corretores e propriet\u00e1rios de im\u00f3veis.<\/p>\t\t\t\t\t\t<\/div>\n\t\t\t\t<\/div>\n\t\t\t\t\t<\/div>\n\t\t\t\t<\/div>\n\t\t<div class=\"elementor-element elementor-element-b35e2ac e-flex e-con-boxed e-con e-parent\" data-id=\"b35e2ac\" data-element_type=\"container\" data-settings=\"{&quot;content_width&quot;:&quot;boxed&quot;}\" data-core-v316-plus=\"true\">\n\t\t\t\t\t<div class=\"e-con-inner\">\n\t\t\t\t<div class=\"elementor-element elementor-element-1af713a elementor-widget elementor-widget-image\" data-id=\"1af713a\" data-element_type=\"widget\" data-widget_type=\"image.default\">\n\t\t\t\t<div class=\"elementor-widget-container\">\n\t\t\t<style>\/*! elementor - v3.17.0 - 25-10-2023 *\/\n.elementor-widget-image{text-align:center}.elementor-widget-image a{display:inline-block}.elementor-widget-image a img[src$=\".svg\"]{width:48px}.elementor-widget-image img{vertical-align:middle;display:inline-block}<\/style>\t\t\t\t\t\t\t\t\t\t\t\t<img decoding=\"async\" src=\"https:\/\/www.imovelp.com.br\/blog\/wp-content\/uploads\/elementor\/thumbs\/WhatsApp-Image-2023-10-27-at-17.24.18-e1699275874910-rau7h8pjuvu0f65kthp6kf2xmnuhwffxa4xlbwd1bk.jpeg\" title=\"Simone Barbato\" alt=\"Simone Barbato\" loading=\"lazy\" \/>\t\t\t\t\t\t\t\t\t\t\t\t\t\t\t<\/div>\n\t\t\t\t<\/div>\n\t\t\t\t\t<\/div>\n\t\t\t\t<\/div>\n\t\t<div class=\"elementor-element elementor-element-bbce747 e-flex e-con-boxed e-con e-parent\" data-id=\"bbce747\" data-element_type=\"container\" data-settings=\"{&quot;content_width&quot;:&quot;boxed&quot;}\" data-core-v316-plus=\"true\">\n\t\t\t\t\t<div class=\"e-con-inner\">\n\t\t\t\t<div class=\"elementor-element elementor-element-80e3d5b elementor-widget elementor-widget-spacer\" data-id=\"80e3d5b\" data-element_type=\"widget\" data-widget_type=\"spacer.default\">\n\t\t\t\t<div class=\"elementor-widget-container\">\n\t\t\t<style>\/*! elementor - v3.17.0 - 25-10-2023 *\/\n.elementor-column .elementor-spacer-inner{height:var(--spacer-size)}.e-con{--container-widget-width:100%}.e-con-inner>.elementor-widget-spacer,.e-con>.elementor-widget-spacer{width:var(--container-widget-width,var(--spacer-size));--align-self:var(--container-widget-align-self,initial);--flex-shrink:0}.e-con-inner>.elementor-widget-spacer>.elementor-widget-container,.e-con>.elementor-widget-spacer>.elementor-widget-container{height:100%;width:100%}.e-con-inner>.elementor-widget-spacer>.elementor-widget-container>.elementor-spacer,.e-con>.elementor-widget-spacer>.elementor-widget-container>.elementor-spacer{height:100%}.e-con-inner>.elementor-widget-spacer>.elementor-widget-container>.elementor-spacer>.elementor-spacer-inner,.e-con>.elementor-widget-spacer>.elementor-widget-container>.elementor-spacer>.elementor-spacer-inner{height:var(--container-widget-height,var(--spacer-size))}.e-con-inner>.elementor-widget-spacer.elementor-widget-empty,.e-con>.elementor-widget-spacer.elementor-widget-empty{position:relative;min-height:22px;min-width:22px}.e-con-inner>.elementor-widget-spacer.elementor-widget-empty .elementor-widget-empty-icon,.e-con>.elementor-widget-spacer.elementor-widget-empty .elementor-widget-empty-icon{position:absolute;top:0;bottom:0;left:0;right:0;margin:auto;padding:0;width:22px;height:22px}<\/style>\t\t<div class=\"elementor-spacer\">\n\t\t\t<div class=\"elementor-spacer-inner\"><\/div>\n\t\t<\/div>\n\t\t\t\t<\/div>\n\t\t\t\t<\/div>\n\t\t\t\t\t<\/div>\n\t\t\t\t<\/div>\n\t\t<div class=\"elementor-element elementor-element-b824a13 e-flex e-con-boxed e-con e-parent\" data-id=\"b824a13\" data-element_type=\"container\" data-settings=\"{&quot;content_width&quot;:&quot;boxed&quot;}\" data-core-v316-plus=\"true\">\n\t\t\t\t\t<div class=\"e-con-inner\">\n\t\t\t\t<div class=\"elementor-element elementor-element-b44f466 elementor-widget elementor-widget-text-editor\" data-id=\"b44f466\" data-element_type=\"widget\" data-widget_type=\"text-editor.default\">\n\t\t\t\t<div class=\"elementor-widget-container\">\n\t\t\t\t\t\t\t<p>Simone Barbato, uma profissional com mais de uma d\u00e9cada de experi\u00eancia no competitivo mercado imobili\u00e1rio, acaba de se unir \u00e0 equipe da Im\u00f3velp como Coordenadora de Parcerias. Sua jornada impressionante, marcada por desafios, crescimento e uma habilidade excepcional para construir relacionamentos, promete ser um grande trunfo para a plataforma l\u00edder em capta\u00e7\u00e3o de im\u00f3veis no Brasil.<\/p>\t\t\t\t\t\t<\/div>\n\t\t\t\t<\/div>\n\t\t\t\t\t<\/div>\n\t\t\t\t<\/div>\n\t\t<div class=\"elementor-element elementor-element-9fb4b12 e-flex e-con-boxed e-con e-parent\" data-id=\"9fb4b12\" data-element_type=\"container\" data-settings=\"{&quot;content_width&quot;:&quot;boxed&quot;}\" data-core-v316-plus=\"true\">\n\t\t\t\t\t<div class=\"e-con-inner\">\n\t\t\t\t<div class=\"elementor-element elementor-element-d1a5cb5 elementor-widget elementor-widget-heading\" data-id=\"d1a5cb5\" data-element_type=\"widget\" data-widget_type=\"heading.default\">\n\t\t\t\t<div class=\"elementor-widget-container\">\n\t\t\t<style>\/*! elementor - v3.17.0 - 25-10-2023 *\/\n.elementor-heading-title{padding:0;margin:0;line-height:1}.elementor-widget-heading .elementor-heading-title[class*=elementor-size-]>a{color:inherit;font-size:inherit;line-height:inherit}.elementor-widget-heading .elementor-heading-title.elementor-size-small{font-size:15px}.elementor-widget-heading .elementor-heading-title.elementor-size-medium{font-size:19px}.elementor-widget-heading .elementor-heading-title.elementor-size-large{font-size:29px}.elementor-widget-heading .elementor-heading-title.elementor-size-xl{font-size:39px}.elementor-widget-heading .elementor-heading-title.elementor-size-xxl{font-size:59px}<\/style><h2 class=\"elementor-heading-title elementor-size-default\">O In\u00edcio de Uma Jornada de Sucesso<\/h2>\t\t<\/div>\n\t\t\t\t<\/div>\n\t\t\t\t\t<\/div>\n\t\t\t\t<\/div>\n\t\t<div class=\"elementor-element elementor-element-4a68e85 e-con-full e-flex e-con e-parent\" data-id=\"4a68e85\" data-element_type=\"container\" data-settings=\"{&quot;content_width&quot;:&quot;full&quot;}\" data-core-v316-plus=\"true\">\n\t\t\t\t<div class=\"elementor-element elementor-element-63bf8cf elementor-widget elementor-widget-text-editor\" data-id=\"63bf8cf\" data-element_type=\"widget\" data-widget_type=\"text-editor.default\">\n\t\t\t\t<div class=\"elementor-widget-container\">\n\t\t\t\t\t\t\t<p>\u00a0A trajet\u00f3ria de Simone Barbato come\u00e7ou em 2008, quando ingressou como executiva de conta no renomado portal Imovelweb. Mesmo em seus est\u00e1gios iniciais, seu comprometimento e sucesso a destacaram, superando metas m\u00eas ap\u00f3s m\u00eas.<\/p>\t\t\t\t\t\t<\/div>\n\t\t\t\t<\/div>\n\t\t\t\t<\/div>\n\t\t<div class=\"elementor-element elementor-element-f20693a e-flex e-con-boxed e-con e-parent\" data-id=\"f20693a\" data-element_type=\"container\" data-settings=\"{&quot;content_width&quot;:&quot;boxed&quot;}\" data-core-v316-plus=\"true\">\n\t\t\t\t\t<div class=\"e-con-inner\">\n\t\t\t\t<div class=\"elementor-element elementor-element-c1b6ebf elementor-widget elementor-widget-heading\" data-id=\"c1b6ebf\" data-element_type=\"widget\" data-widget_type=\"heading.default\">\n\t\t\t\t<div class=\"elementor-widget-container\">\n\t\t\t<h2 class=\"elementor-heading-title elementor-size-default\">Liderando na \u00c1rea de Lan\u00e7amentos<\/h2>\t\t<\/div>\n\t\t\t\t<\/div>\n\t\t\t\t\t<\/div>\n\t\t\t\t<\/div>\n\t\t<div class=\"elementor-element elementor-element-aff17e4 e-flex e-con-boxed e-con e-parent\" data-id=\"aff17e4\" data-element_type=\"container\" data-settings=\"{&quot;content_width&quot;:&quot;boxed&quot;}\" data-core-v316-plus=\"true\">\n\t\t\t\t\t<div class=\"e-con-inner\">\n\t\t\t\t<div class=\"elementor-element elementor-element-72ea11f elementor-widget elementor-widget-text-editor\" data-id=\"72ea11f\" data-element_type=\"widget\" data-widget_type=\"text-editor.default\">\n\t\t\t\t<div class=\"elementor-widget-container\">\n\t\t\t\t\t\t\t<p>A ascens\u00e3o de Simone n\u00e3o parou por a\u00ed. Logo, ela come\u00e7ou a administrar a \u00e1rea de lan\u00e7amentos, e posteriormente, fundou o departamento de lan\u00e7amentos no Rio de Janeiro. Sua paix\u00e3o e dedica\u00e7\u00e3o resultaram em um not\u00e1vel aumento na carteira de clientes e no faturamento, estabelecendo um padr\u00e3o de excel\u00eancia que a acompanhou ao longo de sua carreira.<\/p>\t\t\t\t\t\t<\/div>\n\t\t\t\t<\/div>\n\t\t\t\t\t<\/div>\n\t\t\t\t<\/div>\n\t\t<div class=\"elementor-element elementor-element-1b9a6de e-flex e-con-boxed e-con e-parent\" data-id=\"1b9a6de\" data-element_type=\"container\" data-settings=\"{&quot;content_width&quot;:&quot;boxed&quot;}\" data-core-v316-plus=\"true\">\n\t\t\t\t\t<div class=\"e-con-inner\">\n\t\t\t\t<div class=\"elementor-element elementor-element-39a554b elementor-widget elementor-widget-heading\" data-id=\"39a554b\" data-element_type=\"widget\" data-widget_type=\"heading.default\">\n\t\t\t\t<div class=\"elementor-widget-container\">\n\t\t\t<h2 class=\"elementor-heading-title elementor-size-default\">Uma Profissional de Peso para a Im\u00f3velp<\/h2>\t\t<\/div>\n\t\t\t\t<\/div>\n\t\t\t\t\t<\/div>\n\t\t\t\t<\/div>\n\t\t<div class=\"elementor-element elementor-element-3f34456 e-flex e-con-boxed e-con e-parent\" data-id=\"3f34456\" data-element_type=\"container\" data-settings=\"{&quot;content_width&quot;:&quot;boxed&quot;}\" data-core-v316-plus=\"true\">\n\t\t\t\t\t<div class=\"e-con-inner\">\n\t\t\t\t<div class=\"elementor-element elementor-element-3aca31e elementor-widget elementor-widget-text-editor\" data-id=\"3aca31e\" data-element_type=\"widget\" data-widget_type=\"text-editor.default\">\n\t\t\t\t<div class=\"elementor-widget-container\">\n\t\t\t\t\t\t\t<p>Ap\u00f3s um per\u00edodo de significativo crescimento na carreira, Simone recebeu o convite para ingressar no portal Zap Im\u00f3veis, onde assumiu a posi\u00e7\u00e3o de Gerente Nacional de Lan\u00e7amentos. Comandando uma equipe em todo o Brasil, ela demonstrou sua capacidade de adapta\u00e7\u00e3o a diferentes mercados e realidades, al\u00e9m de sua not\u00e1vel habilidade de construir relacionamentos s\u00f3lidos.<\/p><p><a href=\"https:\/\/www.instagram.com\/p\/CzCiQ2IJ-y_\/\">A Im\u00f3velp anunciou em suas redes que tem o prazer de receber Simone Barbato em sua equipe.<\/a> Sua vasta experi\u00eancia e conhecimento contribuir\u00e3o significativamente para o compromisso cont\u00ednuo da Im\u00f3velp em aprimorar o mercado imobili\u00e1rio brasileiro. Como a maior plataforma de capta\u00e7\u00e3o de im\u00f3veis do pa\u00eds, a Im\u00f3velp est\u00e1 comprometida em oferecer solu\u00e7\u00f5es l\u00edderes do setor e construir relacionamentos duradouros com seus parceiros.<\/p>\t\t\t\t\t\t<\/div>\n\t\t\t\t<\/div>\n\t\t\t\t\t<\/div>\n\t\t\t\t<\/div>\n\t\t<div class=\"elementor-element elementor-element-e947c87 e-flex e-con-boxed e-con e-parent\" data-id=\"e947c87\" data-element_type=\"container\" data-settings=\"{&quot;content_width&quot;:&quot;boxed&quot;}\" data-core-v316-plus=\"true\">\n\t\t\t\t\t<div class=\"e-con-inner\">\n\t\t\t\t<div class=\"elementor-element elementor-element-0e80137 elementor-widget elementor-widget-text-editor\" data-id=\"0e80137\" data-element_type=\"widget\" data-widget_type=\"text-editor.default\">\n\t\t\t\t<div class=\"elementor-widget-container\">\n\t\t\t\t\t\t\t<p><strong>Sobre a Im\u00f3velp<\/strong><\/p><p>A Im\u00f3velp \u00e9 a principal plataforma de capta\u00e7\u00e3o de im\u00f3veis no Brasil, conectando propriet\u00e1rios, corretores e construtoras em todo o pa\u00eds. Com uma vasta rede de mais de 26.000 corretores cadastrados e mais de 400.000 im\u00f3veis em todo o Brasil, a Im\u00f3velp se destaca no mercado imobili\u00e1rio por fornecer solu\u00e7\u00f5es inovadoras e de alta qualidade.<\/p>\t\t\t\t\t\t<\/div>\n\t\t\t\t<\/div>\n\t\t\t\t\t<\/div>\n\t\t\t\t<\/div>\n\t\t\t\t\t\t\t<\/div>\n\t\t","protected":false},"excerpt":{"rendered":"<p>Com mais de uma d\u00e9cada de experi\u00eancia na ind\u00fastria imobili\u00e1ria, Simone \u00e9 uma profissional de destaque, e sua incorpora\u00e7\u00e3o \u00e0 equipe Im\u00f3velp refor\u00e7a o compromisso da empresa em fornecer solu\u00e7\u00f5es&hellip; <\/p>\n","protected":false},"author":2,"featured_media":1973,"comment_status":"open","ping_status":"open","sticky":false,"template":"","format":"standard","meta":{"footnotes":""},"categories":[6,5,7],"tags":[14,13],"yoast_head":"<!-- This site is optimized with the Yoast SEO plugin v21.5 - https:\/\/yoast.com\/wordpress\/plugins\/seo\/ -->\n<title>Conhe\u00e7a a Excepcional Jornada de Simone Barbato na Im\u00f3velp<\/title>\n<meta name=\"description\" content=\"Conhe\u00e7a a trajet\u00f3ria de Simone Barbato, a mais nova Coordenadora de Parcerias da Im\u00f3velp, a maior plataforma de capta\u00e7\u00e3o de im\u00f3veis do Brasil.\" \/>\n<meta name=\"robots\" content=\"index, follow, max-snippet:-1, max-image-preview:large, max-video-preview:-1\" \/>\n<link rel=\"canonical\" href=\"https:\/\/www.imovelp.com.br\/blog\/simone-barbato-nova-coordenadoradeparcerias-imovelp\/\" \/>\n<meta property=\"og:locale\" content=\"en_US\" \/>\n<meta property=\"og:type\" content=\"article\" \/>\n<meta property=\"og:title\" content=\"Conhe\u00e7a a Excepcional Jornada de Simone Barbato na Im\u00f3velp\" \/>\n<meta property=\"og:description\" content=\"Conhe\u00e7a a trajet\u00f3ria de Simone Barbato, a mais nova Coordenadora de Parcerias da Im\u00f3velp, a maior plataforma de capta\u00e7\u00e3o de im\u00f3veis do Brasil.\" \/>\n<meta property=\"og:url\" content=\"https:\/\/www.imovelp.com.br\/blog\/simone-barbato-nova-coordenadoradeparcerias-imovelp\/\" \/>\n<meta property=\"og:site_name\" content=\"Jornal Im\u00f3velp\" \/>\n<meta property=\"article:published_time\" content=\"2023-11-06T13:01:32+00:00\" \/>\n<meta property=\"article:modified_time\" content=\"2023-11-06T13:04:48+00:00\" \/>\n<meta property=\"og:image\" content=\"https:\/\/www.imovelp.com.br\/blog\/wp-content\/uploads\/2023\/11\/WhatsApp-Image-2023-10-27-at-17.24.18-e1699275874910.jpeg\" \/>\n\t<meta property=\"og:image:width\" content=\"1064\" \/>\n\t<meta property=\"og:image:height\" content=\"624\" \/>\n\t<meta property=\"og:image:type\" content=\"image\/jpeg\" \/>\n<meta name=\"author\" content=\"Marcos Monteiro\" \/>\n<meta name=\"twitter:card\" content=\"summary_large_image\" \/>\n<meta name=\"twitter:label1\" content=\"Written by\" \/>\n\t<meta name=\"twitter:data1\" content=\"Marcos Monteiro\" \/>\n\t<meta name=\"twitter:label2\" content=\"Est. reading time\" \/>\n\t<meta name=\"twitter:data2\" content=\"2 minutes\" \/>\n<script type=\"application\/ld+json\" class=\"yoast-schema-graph\">{\"@context\":\"https:\/\/schema.org\",\"@graph\":[{\"@type\":\"WebPage\",\"@id\":\"https:\/\/www.imovelp.com.br\/blog\/simone-barbato-nova-coordenadoradeparcerias-imovelp\/\",\"url\":\"https:\/\/www.imovelp.com.br\/blog\/simone-barbato-nova-coordenadoradeparcerias-imovelp\/\",\"name\":\"Conhe\u00e7a a Excepcional Jornada de Simone Barbato na Im\u00f3velp\",\"isPartOf\":{\"@id\":\"https:\/\/www.imovelp.com.br\/blog\/#website\"},\"datePublished\":\"2023-11-06T13:01:32+00:00\",\"dateModified\":\"2023-11-06T13:04:48+00:00\",\"author\":{\"@id\":\"https:\/\/www.imovelp.com.br\/blog\/#\/schema\/person\/8fb1cc29840aba4154ec6a52e70be40a\"},\"description\":\"Conhe\u00e7a a trajet\u00f3ria de Simone Barbato, a mais nova Coordenadora de Parcerias da Im\u00f3velp, a maior plataforma de capta\u00e7\u00e3o de im\u00f3veis do Brasil.\",\"breadcrumb\":{\"@id\":\"https:\/\/www.imovelp.com.br\/blog\/simone-barbato-nova-coordenadoradeparcerias-imovelp\/#breadcrumb\"},\"inLanguage\":\"en-US\",\"potentialAction\":[{\"@type\":\"ReadAction\",\"target\":[\"https:\/\/www.imovelp.com.br\/blog\/simone-barbato-nova-coordenadoradeparcerias-imovelp\/\"]}]},{\"@type\":\"BreadcrumbList\",\"@id\":\"https:\/\/www.imovelp.com.br\/blog\/simone-barbato-nova-coordenadoradeparcerias-imovelp\/#breadcrumb\",\"itemListElement\":[{\"@type\":\"ListItem\",\"position\":1,\"name\":\"Home\",\"item\":\"https:\/\/www.imovelp.com.br\/blog\/\"},{\"@type\":\"ListItem\",\"position\":2,\"name\":\"Im\u00f3velp Anuncia a Nomea\u00e7\u00e3o de Simone Barbato como Coordenadora de Parcerias\"}]},{\"@type\":\"WebSite\",\"@id\":\"https:\/\/www.imovelp.com.br\/blog\/#website\",\"url\":\"https:\/\/www.imovelp.com.br\/blog\/\",\"name\":\"Jornal Im\u00f3velp\",\"description\":\"Portal de Not\u00edcias do Corretor de Im\u00f3veis\",\"potentialAction\":[{\"@type\":\"SearchAction\",\"target\":{\"@type\":\"EntryPoint\",\"urlTemplate\":\"https:\/\/www.imovelp.com.br\/blog\/?s={search_term_string}\"},\"query-input\":\"required name=search_term_string\"}],\"inLanguage\":\"en-US\"},{\"@type\":\"Person\",\"@id\":\"https:\/\/www.imovelp.com.br\/blog\/#\/schema\/person\/8fb1cc29840aba4154ec6a52e70be40a\",\"name\":\"Marcos Monteiro\",\"image\":{\"@type\":\"ImageObject\",\"inLanguage\":\"en-US\",\"@id\":\"https:\/\/www.imovelp.com.br\/blog\/#\/schema\/person\/image\/\",\"url\":\"https:\/\/secure.gravatar.com\/avatar\/da25bf23c2e75965766176dcd3fc7564?s=96&d=mm&r=g\",\"contentUrl\":\"https:\/\/secure.gravatar.com\/avatar\/da25bf23c2e75965766176dcd3fc7564?s=96&d=mm&r=g\",\"caption\":\"Marcos Monteiro\"},\"url\":\"https:\/\/www.imovelp.com.br\/blog\/author\/redacao-imovelp\/\"}]}<\/script>\n<!-- \/ Yoast SEO plugin. -->","yoast_head_json":{"title":"Conhe\u00e7a a Excepcional Jornada de Simone Barbato na Im\u00f3velp","description":"Conhe\u00e7a a trajet\u00f3ria de Simone Barbato, a mais nova Coordenadora de Parcerias da Im\u00f3velp, a maior plataforma de capta\u00e7\u00e3o de im\u00f3veis do Brasil.","robots":{"index":"index","follow":"follow","max-snippet":"max-snippet:-1","max-image-preview":"max-image-preview:large","max-video-preview":"max-video-preview:-1"},"canonical":"https:\/\/www.imovelp.com.br\/blog\/simone-barbato-nova-coordenadoradeparcerias-imovelp\/","og_locale":"en_US","og_type":"article","og_title":"Conhe\u00e7a a Excepcional Jornada de Simone Barbato na Im\u00f3velp","og_description":"Conhe\u00e7a a trajet\u00f3ria de Simone Barbato, a mais nova Coordenadora de Parcerias da Im\u00f3velp, a maior plataforma de capta\u00e7\u00e3o de im\u00f3veis do Brasil.","og_url":"https:\/\/www.imovelp.com.br\/blog\/simone-barbato-nova-coordenadoradeparcerias-imovelp\/","og_site_name":"Jornal Im\u00f3velp","article_published_time":"2023-11-06T13:01:32+00:00","article_modified_time":"2023-11-06T13:04:48+00:00","og_image":[{"width":1064,"height":624,"url":"https:\/\/www.imovelp.com.br\/blog\/wp-content\/uploads\/2023\/11\/WhatsApp-Image-2023-10-27-at-17.24.18-e1699275874910.jpeg","type":"image\/jpeg"}],"author":"Marcos Monteiro","twitter_card":"summary_large_image","twitter_misc":{"Written by":"Marcos Monteiro","Est. reading time":"2 minutes"},"schema":{"@context":"https:\/\/schema.org","@graph":[{"@type":"WebPage","@id":"https:\/\/www.imovelp.com.br\/blog\/simone-barbato-nova-coordenadoradeparcerias-imovelp\/","url":"https:\/\/www.imovelp.com.br\/blog\/simone-barbato-nova-coordenadoradeparcerias-imovelp\/","name":"Conhe\u00e7a a Excepcional Jornada de Simone Barbato na Im\u00f3velp","isPartOf":{"@id":"https:\/\/www.imovelp.com.br\/blog\/#website"},"datePublished":"2023-11-06T13:01:32+00:00","dateModified":"2023-11-06T13:04:48+00:00","author":{"@id":"https:\/\/www.imovelp.com.br\/blog\/#\/schema\/person\/8fb1cc29840aba4154ec6a52e70be40a"},"description":"Conhe\u00e7a a trajet\u00f3ria de Simone Barbato, a mais nova Coordenadora de Parcerias da Im\u00f3velp, a maior plataforma de capta\u00e7\u00e3o de im\u00f3veis do Brasil.","breadcrumb":{"@id":"https:\/\/www.imovelp.com.br\/blog\/simone-barbato-nova-coordenadoradeparcerias-imovelp\/#breadcrumb"},"inLanguage":"en-US","potentialAction":[{"@type":"ReadAction","target":["https:\/\/www.imovelp.com.br\/blog\/simone-barbato-nova-coordenadoradeparcerias-imovelp\/"]}]},{"@type":"BreadcrumbList","@id":"https:\/\/www.imovelp.com.br\/blog\/simone-barbato-nova-coordenadoradeparcerias-imovelp\/#breadcrumb","itemListElement":[{"@type":"ListItem","position":1,"name":"Home","item":"https:\/\/www.imovelp.com.br\/blog\/"},{"@type":"ListItem","position":2,"name":"Im\u00f3velp Anuncia a Nomea\u00e7\u00e3o de Simone Barbato como Coordenadora de Parcerias"}]},{"@type":"WebSite","@id":"https:\/\/www.imovelp.com.br\/blog\/#website","url":"https:\/\/www.imovelp.com.br\/blog\/","name":"Jornal Im\u00f3velp","description":"Portal de Not\u00edcias do Corretor de Im\u00f3veis","potentialAction":[{"@type":"SearchAction","target":{"@type":"EntryPoint","urlTemplate":"https:\/\/www.imovelp.com.br\/blog\/?s={search_term_string}"},"query-input":"required name=search_term_string"}],"inLanguage":"en-US"},{"@type":"Person","@id":"https:\/\/www.imovelp.com.br\/blog\/#\/schema\/person\/8fb1cc29840aba4154ec6a52e70be40a","name":"Marcos Monteiro","image":{"@type":"ImageObject","inLanguage":"en-US","@id":"https:\/\/www.imovelp.com.br\/blog\/#\/schema\/person\/image\/","url":"https:\/\/secure.gravatar.com\/avatar\/da25bf23c2e75965766176dcd3fc7564?s=96&d=mm&r=g","contentUrl":"https:\/\/secure.gravatar.com\/avatar\/da25bf23c2e75965766176dcd3fc7564?s=96&d=mm&r=g","caption":"Marcos Monteiro"},"url":"https:\/\/www.imovelp.com.br\/blog\/author\/redacao-imovelp\/"}]}},"_links":{"self":[{"href":"https:\/\/www.imovelp.com.br\/blog\/wp-json\/wp\/v2\/posts\/1971"}],"collection":[{"href":"https:\/\/www.imovelp.com.br\/blog\/wp-json\/wp\/v2\/posts"}],"about":[{"href":"https:\/\/www.imovelp.com.br\/blog\/wp-json\/wp\/v2\/types\/post"}],"author":[{"embeddable":true,"href":"https:\/\/www.imovelp.com.br\/blog\/wp-json\/wp\/v2\/users\/2"}],"replies":[{"embeddable":true,"href":"https:\/\/www.imovelp.com.br\/blog\/wp-json\/wp\/v2\/comments?post=1971"}],"version-history":[{"count":6,"href":"https:\/\/www.imovelp.com.br\/blog\/wp-json\/wp\/v2\/posts\/1971\/revisions"}],"predecessor-version":[{"id":1981,"href":"https:\/\/www.imovelp.com.br\/blog\/wp-json\/wp\/v2\/posts\/1971\/revisions\/1981"}],"wp:featuredmedia":[{"embeddable":true,"href":"https:\/\/www.imovelp.com.br\/blog\/wp-json\/wp\/v2\/media\/1973"}],"wp:attachment":[{"href":"https:\/\/www.imovelp.com.br\/blog\/wp-json\/wp\/v2\/media?parent=1971"}],"wp:term":[{"taxonomy":"category","embeddable":true,"href":"https:\/\/www.imovelp.com.br\/blog\/wp-json\/wp\/v2\/categories?post=1971"},{"taxonomy":"post_tag","embeddable":true,"href":"https:\/\/www.imovelp.com.br\/blog\/wp-json\/wp\/v2\/tags?post=1971"}],"curies":[{"name":"wp","href":"https:\/\/api.w.org\/{rel}","templated":true}]}}