{"id":1714,"date":"2023-05-02T15:54:00","date_gmt":"2023-05-02T15:54:00","guid":{"rendered":"https:\/\/www.imovelp.com.br\/blog\/?p=1714"},"modified":"2023-10-26T15:53:48","modified_gmt":"2023-10-26T18:53:48","slug":"tijuca-rio-de-janeiro","status":"publish","type":"post","link":"https:\/\/www.imovelp.com.br\/blog\/tijuca-rio-de-janeiro\/","title":{"rendered":"Morar na Tijuca: diversidade e tradi\u00e7\u00e3o em um bairro de classe m\u00e9dia"},"content":{"rendered":"\n<p><em>A Tijuca, um dos bairros mais antigos e populosos da cidade do Rio de Janeiro, \u00e9 um local que desperta o orgulho de quem l\u00e1 reside. Com suas vias que v\u00e3o desde ruas tranquilas e arborizadas at\u00e9 avenidas movimentadas, a Tijuca \u00e9 um bairro de classe m\u00e9dia bastante diverso. Suas redondezas abrigam comunidades como os morros do Borel, Salgueiro e Turano, que enriquecem ainda mais sua hist\u00f3ria e cultura.<\/em><\/p>\n\n\n\n<p><\/p>\n\n\n\n<p>Apesar do movimento constante, a Tijuca mant\u00e9m um ar nost\u00e1lgico dos tempos em que todos os vizinhos se conheciam. Com moradores que nascem, crescem, estudam e seguem morando no bairro, \u00e9 comum se sentir em casa logo na chegada. Al\u00e9m disso, a Tijuca tem uma mistura harmoniosa de constru\u00e7\u00f5es antigas e modernas, sem perder sua identidade.<\/p>\n\n\n\n<p><\/p>\n\n\n\n<h3 class=\"wp-block-heading\"><strong>Quanto custa morar na Tijuca?<\/strong><\/h3>\n\n\n\n<p>Quanto aos custos, o valor m\u00e9dio do aluguel na Tijuca \u00e9 de R$ 2 mil, enquanto o valor m\u00e9dio para comprar um im\u00f3vel \u00e9 de R$ 699 mil. A Tijuca possui com\u00e9rcio de rua farto, que vai do camel\u00f4 ao shopping center, facilitando as compras do m\u00eas ou da semana. H\u00e1 ainda muitas op\u00e7\u00f5es de farm\u00e1cias, hospitais e cl\u00ednicas especializadas para cuidar da sa\u00fade.<\/p>\n\n\n\n<figure class=\"wp-block-gallery columns-1 is-cropped wp-block-gallery-1 is-layout-flex wp-block-gallery-is-layout-flex\"><ul class=\"blocks-gallery-grid\"><li class=\"blocks-gallery-item\"><figure><img decoding=\"async\" src=\"https:\/\/www.imovelp.com.br\/blog\/wp-content\/uploads\/2023\/05\/Tijuca_rio.jpg\" alt=\"\" data-id=\"1715\" data-full-url=\"https:\/\/www.imovelp.com.br\/blog\/wp-content\/uploads\/2023\/05\/Tijuca_rio.jpg\" data-link=\"https:\/\/www.imovelp.com.br\/blog\/?attachment_id=1715\" class=\"wp-image-1715\"\/><\/figure><\/li><\/ul><figcaption class=\"blocks-gallery-caption\">Tijuca &#8211; Rio de Janeiro (reprodu\u00e7\u00e3o) <\/figcaption><\/figure>\n\n\n\n<h3 class=\"wp-block-heading\"><strong>Mobilidade na Tijuca<\/strong><\/h3>\n\n\n\n<p>Em termos de mobilidade, a Tijuca possui quatro esta\u00e7\u00f5es de metr\u00f4 e diversas linhas de \u00f4nibus, o que facilita o deslocamento no bairro ou para outras regi\u00f5es da cidade. No entanto, o tr\u00e2nsito pode ser complicado em hor\u00e1rios de pico, e h\u00e1 pontos de alagamento em dias de chuva forte.<\/p>\n\n\n\n<p><\/p>\n\n\n\n<h3 class=\"wp-block-heading\"><strong>Educa\u00e7\u00e3o na Tijuca<\/strong><\/h3>\n\n\n\n<p>Para quem tem filhos, a Tijuca \u00e9 um bairro completo em educa\u00e7\u00e3o, desde o ber\u00e7\u00e1rio at\u00e9 a universidade. Destaque para o Col\u00e9gio Militar, o Pedro II e a Universidade do Estado do Rio de Janeiro (Uerj), que fica no bairro do Maracan\u00e3, na Grande Tijuca.<\/p>\n\n\n\n<p>Morar na Tijuca \u00e9 viver em um bairro diverso e tradicional, com uma mistura de modernidade e hist\u00f3ria que encanta seus moradores e visitantes.<\/p>\n\n\n\n<div class=\"wp-block-columns alignwide is-layout-flex wp-container-4 wp-block-columns-is-layout-flex\">\n<div class=\"wp-block-column is-layout-flow wp-block-column-is-layout-flow\" style=\"flex-basis:100%\">\n<iframe loading=\"lazy\" src=\"https:\/\/imoveldoproprietario.com.br\/carrossel-blog\/todos\/todos\/rj\/rio-de-janeiro\/tijuca\/de-0-a-0\/0\/0\/0\/0\/1\/0\/3\/todas\" title=\"description\" width=\"100%\" height=\"560\"><\/iframe>\n<script async=\"\" src=\"https:\/\/pagead2.googlesyndication.com\/pagead\/js\/adsbygoogle.js?client=ca-pub-7076656487617186\" crossorigin=\"anonymous\"><\/script>\n<!-- Footer de postagens do blog -->\n<ins class=\"adsbygoogle\" style=\"display:block\" data-ad-client=\"ca-pub-7076656487617186\" data-ad-slot=\"1097759328\" data-ad-format=\"auto\" data-full-width-responsive=\"true\"><\/ins>\n<script>\n(adsbygoogle = window.adsbygoogle || []).push({});\n<\/script>\n<\/div>\n<\/div>\n","protected":false},"excerpt":{"rendered":"<p>A Tijuca, um dos bairros mais antigos e populosos da cidade do Rio de Janeiro, \u00e9 um local que desperta o orgulho de quem l\u00e1 reside. Com suas vias que&hellip; <\/p>\n","protected":false},"author":6,"featured_media":0,"comment_status":"open","ping_status":"open","sticky":false,"template":"","format":"standard","meta":{"footnotes":""},"categories":[8],"tags":[],"yoast_head":"<!-- This site is optimized with the Yoast SEO plugin v21.5 - https:\/\/yoast.com\/wordpress\/plugins\/seo\/ -->\n<title>Morar na Tijuca: diversidade e tradi\u00e7\u00e3o em um bairro de classe m\u00e9dia - Jornal Im\u00f3velp<\/title>\n<meta name=\"robots\" content=\"index, follow, max-snippet:-1, max-image-preview:large, max-video-preview:-1\" \/>\n<link rel=\"canonical\" href=\"https:\/\/www.imovelp.com.br\/blog\/tijuca-rio-de-janeiro\/\" \/>\n<meta property=\"og:locale\" content=\"en_US\" \/>\n<meta property=\"og:type\" content=\"article\" \/>\n<meta property=\"og:title\" content=\"Morar na Tijuca: diversidade e tradi\u00e7\u00e3o em um bairro de classe m\u00e9dia - Jornal Im\u00f3velp\" \/>\n<meta property=\"og:description\" content=\"A Tijuca, um dos bairros mais antigos e populosos da cidade do Rio de Janeiro, \u00e9 um local que desperta o orgulho de quem l\u00e1 reside. Com suas vias que&hellip;\" \/>\n<meta property=\"og:url\" content=\"https:\/\/www.imovelp.com.br\/blog\/tijuca-rio-de-janeiro\/\" \/>\n<meta property=\"og:site_name\" content=\"Jornal Im\u00f3velp\" \/>\n<meta property=\"article:published_time\" content=\"2023-05-02T15:54:00+00:00\" \/>\n<meta property=\"article:modified_time\" content=\"2023-10-26T18:53:48+00:00\" \/>\n<meta property=\"og:image\" content=\"https:\/\/www.imovelp.com.br\/blog\/wp-content\/uploads\/2023\/05\/Tijuca_rio.jpg\" \/>\n<meta name=\"twitter:card\" content=\"summary_large_image\" \/>\n<meta name=\"twitter:label1\" content=\"Written by\" \/>\n\t<meta name=\"twitter:data1\" content=\"\" \/>\n\t<meta name=\"twitter:label2\" content=\"Est. reading time\" \/>\n\t<meta name=\"twitter:data2\" content=\"2 minutes\" \/>\n<script type=\"application\/ld+json\" class=\"yoast-schema-graph\">{\"@context\":\"https:\/\/schema.org\",\"@graph\":[{\"@type\":\"WebPage\",\"@id\":\"https:\/\/www.imovelp.com.br\/blog\/tijuca-rio-de-janeiro\/\",\"url\":\"https:\/\/www.imovelp.com.br\/blog\/tijuca-rio-de-janeiro\/\",\"name\":\"Morar na Tijuca: diversidade e tradi\u00e7\u00e3o em um bairro de classe m\u00e9dia - Jornal Im\u00f3velp\",\"isPartOf\":{\"@id\":\"https:\/\/www.imovelp.com.br\/blog\/#website\"},\"datePublished\":\"2023-05-02T15:54:00+00:00\",\"dateModified\":\"2023-10-26T18:53:48+00:00\",\"author\":{\"@id\":\"\"},\"breadcrumb\":{\"@id\":\"https:\/\/www.imovelp.com.br\/blog\/tijuca-rio-de-janeiro\/#breadcrumb\"},\"inLanguage\":\"en-US\",\"potentialAction\":[{\"@type\":\"ReadAction\",\"target\":[\"https:\/\/www.imovelp.com.br\/blog\/tijuca-rio-de-janeiro\/\"]}]},{\"@type\":\"BreadcrumbList\",\"@id\":\"https:\/\/www.imovelp.com.br\/blog\/tijuca-rio-de-janeiro\/#breadcrumb\",\"itemListElement\":[{\"@type\":\"ListItem\",\"position\":1,\"name\":\"Home\",\"item\":\"https:\/\/www.imovelp.com.br\/blog\/\"},{\"@type\":\"ListItem\",\"position\":2,\"name\":\"Morar na Tijuca: diversidade e tradi\u00e7\u00e3o em um bairro de classe m\u00e9dia\"}]},{\"@type\":\"WebSite\",\"@id\":\"https:\/\/www.imovelp.com.br\/blog\/#website\",\"url\":\"https:\/\/www.imovelp.com.br\/blog\/\",\"name\":\"Jornal Im\u00f3velp\",\"description\":\"Portal de Not\u00edcias do Corretor de Im\u00f3veis\",\"potentialAction\":[{\"@type\":\"SearchAction\",\"target\":{\"@type\":\"EntryPoint\",\"urlTemplate\":\"https:\/\/www.imovelp.com.br\/blog\/?s={search_term_string}\"},\"query-input\":\"required name=search_term_string\"}],\"inLanguage\":\"en-US\"},{\"@type\":\"Person\",\"@id\":\"\",\"url\":\"https:\/\/www.imovelp.com.br\/blog\/author\/\"}]}<\/script>\n<!-- \/ Yoast SEO plugin. -->","yoast_head_json":{"title":"Morar na Tijuca: diversidade e tradi\u00e7\u00e3o em um bairro de classe m\u00e9dia - Jornal Im\u00f3velp","robots":{"index":"index","follow":"follow","max-snippet":"max-snippet:-1","max-image-preview":"max-image-preview:large","max-video-preview":"max-video-preview:-1"},"canonical":"https:\/\/www.imovelp.com.br\/blog\/tijuca-rio-de-janeiro\/","og_locale":"en_US","og_type":"article","og_title":"Morar na Tijuca: diversidade e tradi\u00e7\u00e3o em um bairro de classe m\u00e9dia - Jornal Im\u00f3velp","og_description":"A Tijuca, um dos bairros mais antigos e populosos da cidade do Rio de Janeiro, \u00e9 um local que desperta o orgulho de quem l\u00e1 reside. Com suas vias que&hellip;","og_url":"https:\/\/www.imovelp.com.br\/blog\/tijuca-rio-de-janeiro\/","og_site_name":"Jornal Im\u00f3velp","article_published_time":"2023-05-02T15:54:00+00:00","article_modified_time":"2023-10-26T18:53:48+00:00","og_image":[{"url":"https:\/\/www.imovelp.com.br\/blog\/wp-content\/uploads\/2023\/05\/Tijuca_rio.jpg"}],"twitter_card":"summary_large_image","twitter_misc":{"Written by":"","Est. reading time":"2 minutes"},"schema":{"@context":"https:\/\/schema.org","@graph":[{"@type":"WebPage","@id":"https:\/\/www.imovelp.com.br\/blog\/tijuca-rio-de-janeiro\/","url":"https:\/\/www.imovelp.com.br\/blog\/tijuca-rio-de-janeiro\/","name":"Morar na Tijuca: diversidade e tradi\u00e7\u00e3o em um bairro de classe m\u00e9dia - Jornal Im\u00f3velp","isPartOf":{"@id":"https:\/\/www.imovelp.com.br\/blog\/#website"},"datePublished":"2023-05-02T15:54:00+00:00","dateModified":"2023-10-26T18:53:48+00:00","author":{"@id":""},"breadcrumb":{"@id":"https:\/\/www.imovelp.com.br\/blog\/tijuca-rio-de-janeiro\/#breadcrumb"},"inLanguage":"en-US","potentialAction":[{"@type":"ReadAction","target":["https:\/\/www.imovelp.com.br\/blog\/tijuca-rio-de-janeiro\/"]}]},{"@type":"BreadcrumbList","@id":"https:\/\/www.imovelp.com.br\/blog\/tijuca-rio-de-janeiro\/#breadcrumb","itemListElement":[{"@type":"ListItem","position":1,"name":"Home","item":"https:\/\/www.imovelp.com.br\/blog\/"},{"@type":"ListItem","position":2,"name":"Morar na Tijuca: diversidade e tradi\u00e7\u00e3o em um bairro de classe m\u00e9dia"}]},{"@type":"WebSite","@id":"https:\/\/www.imovelp.com.br\/blog\/#website","url":"https:\/\/www.imovelp.com.br\/blog\/","name":"Jornal Im\u00f3velp","description":"Portal de Not\u00edcias do Corretor de Im\u00f3veis","potentialAction":[{"@type":"SearchAction","target":{"@type":"EntryPoint","urlTemplate":"https:\/\/www.imovelp.com.br\/blog\/?s={search_term_string}"},"query-input":"required name=search_term_string"}],"inLanguage":"en-US"},{"@type":"Person","@id":"","url":"https:\/\/www.imovelp.com.br\/blog\/author\/"}]}},"_links":{"self":[{"href":"https:\/\/www.imovelp.com.br\/blog\/wp-json\/wp\/v2\/posts\/1714"}],"collection":[{"href":"https:\/\/www.imovelp.com.br\/blog\/wp-json\/wp\/v2\/posts"}],"about":[{"href":"https:\/\/www.imovelp.com.br\/blog\/wp-json\/wp\/v2\/types\/post"}],"author":[{"embeddable":true,"href":"https:\/\/www.imovelp.com.br\/blog\/wp-json\/wp\/v2\/users\/6"}],"replies":[{"embeddable":true,"href":"https:\/\/www.imovelp.com.br\/blog\/wp-json\/wp\/v2\/comments?post=1714"}],"version-history":[{"count":2,"href":"https:\/\/www.imovelp.com.br\/blog\/wp-json\/wp\/v2\/posts\/1714\/revisions"}],"predecessor-version":[{"id":1719,"href":"https:\/\/www.imovelp.com.br\/blog\/wp-json\/wp\/v2\/posts\/1714\/revisions\/1719"}],"wp:attachment":[{"href":"https:\/\/www.imovelp.com.br\/blog\/wp-json\/wp\/v2\/media?parent=1714"}],"wp:term":[{"taxonomy":"category","embeddable":true,"href":"https:\/\/www.imovelp.com.br\/blog\/wp-json\/wp\/v2\/categories?post=1714"},{"taxonomy":"post_tag","embeddable":true,"href":"https:\/\/www.imovelp.com.br\/blog\/wp-json\/wp\/v2\/tags?post=1714"}],"curies":[{"name":"wp","href":"https:\/\/api.w.org\/{rel}","templated":true}]}}