{"id":1711,"date":"2023-04-27T15:49:00","date_gmt":"2023-04-27T15:49:00","guid":{"rendered":"https:\/\/www.imovelp.com.br\/blog\/?p=1711"},"modified":"2023-10-26T15:53:49","modified_gmt":"2023-10-26T18:53:49","slug":"bangu-bairro","status":"publish","type":"post","link":"https:\/\/www.imovelp.com.br\/blog\/bangu-bairro\/","title":{"rendered":"Bangu: um bairro com contrastes no Rio de Janeiro"},"content":{"rendered":"\n<p><em>Bangu \u00e9 um bairro populoso e extenso da Zona Oeste do Rio de Janeiro. Possui uma divis\u00e3o socioecon\u00f4mica bem acentuada, com \u00e1reas de classe m\u00e9dia e alta, mas tamb\u00e9m com vastos bols\u00f5es de pobreza. <\/em><\/p>\n\n\n\n<figure class=\"wp-block-image size-large\"><img decoding=\"async\" src=\"https:\/\/www.imovelp.com.br\/blog\/wp-content\/uploads\/2023\/04\/Bangu-1.jpg\" alt=\"Shopping Bangu, antiga F\u00e1brica de Tecidos Bangu\" class=\"wp-image-1712\"\/><figcaption>Shopping Bangu, antiga F\u00e1brica de Tecidos Bangu<\/figcaption><\/figure>\n\n\n\n<p>De acordo com o IBGE, em 2000, Bangu possu\u00eda 244.518 habitantes distribu\u00eddos em uma \u00e1rea de 4.570,69 ha, tendo como vizinhos os bairros Campo Grande, Senador Camar\u00e1, Sant\u00edssimo, Padre Miguel e Realengo. Em 2004, a regi\u00e3o onde se localizam o Complexo Penitenci\u00e1rio de Gericin\u00f3, o Lix\u00e3o de Bangu e a Serra de Gericin\u00f3 foi desmembrada de Bangu e se tornou o bairro de Gericin\u00f3.<\/p>\n\n\n\n<p><\/p>\n\n\n\n<h3 class=\"wp-block-heading\"><strong>Hist\u00f3ria<\/strong><\/h3>\n\n\n\n<p>A hist\u00f3ria de Bangu remonta a 1673, quando Manuel de Barcelos Domingues construiu uma capela particular em sua Fazenda Bangu, que at\u00e9 ent\u00e3o era parte da Freguesia de Campo Grande. Em 1740, Jo\u00e3o Manoel de Melo recebeu por sesmaria a Fazenda do Bangu, que mais tarde passou pelas m\u00e3os de outros propriet\u00e1rios, como Anna Francisca de Castro Morais e Miranda e Manoel Miguel Martins, o Bar\u00e3o de Itacuruss\u00e1. Posteriormente, a Companhia Progresso Industrial do Brasil adquiriu a propriedade e fundou, em 6 de fevereiro de 1889, a F\u00e1brica de Tecidos Bangu.<\/p>\n\n\n\n<p>A ferrovia foi essencial para o desenvolvimento de Bangu, j\u00e1 que permitiu o transporte de produtos e pessoas at\u00e9 a regi\u00e3o, que at\u00e9 ent\u00e3o era isolada do centro urbano da cidade. O Ramal Ferrovi\u00e1rio de Santa Cruz foi inaugurado em 2 de dezembro de 1878, sendo suas primeiras esta\u00e7\u00f5es, nesta ordem, Deodoro, Realengo e a Esta\u00e7\u00e3o Bangu (1890). Com a inaugura\u00e7\u00e3o da ferrovia, a ocupa\u00e7\u00e3o foi se intensificando e n\u00facleos urbanos foram surgindo em torno dela, trazendo tamb\u00e9m o estabelecimento de empreendimentos que tiveram atua\u00e7\u00e3o decisiva no processo de ocupa\u00e7\u00e3o, expans\u00e3o e desenvolvimento da regi\u00e3o.<\/p>\n\n\n\n<p>Um importante marco do bairro \u00e9 a F\u00e1brica Bangu, que hoje abriga as instala\u00e7\u00f5es do Bangu Shopping, inaugurado em 2007. Apesar dos contrastes sociais e econ\u00f4micos, Bangu possui uma hist\u00f3ria rica e uma identidade cultural forte, sendo um importante ponto tur\u00edstico do Rio de Janeiro.<\/p>\n\n\n\n<p><\/p>\n\n\n\n<h3 class=\"wp-block-heading\"><strong>Moradores Ilustres<\/strong><\/h3>\n\n\n\n<p>Bangu \u00e9 conhecido por suas altas temperaturas, que no ver\u00e3o podem ultrapassar os 40\u00b0C. Por\u00e9m, al\u00e9m do calor, o local tamb\u00e9m \u00e9 famoso por seus ilustres moradores.<\/p>\n\n\n\n<p>Entre os nomes que se destacam est\u00e1 o jogador de futebol Garrincha, apelidado de &#8220;anjo das pernas tortas&#8221;, assim como Domingos da Guia, Ademir da Guia e Vagner Love. Al\u00e9m disso, o bairro tamb\u00e9m \u00e9 lar do cantor Wander Pires e do escritor Jos\u00e9 Mauro de Vasconcelos.<\/p>\n\n\n\n<div class=\"wp-block-columns alignwide is-layout-flex wp-container-2 wp-block-columns-is-layout-flex\">\n<div class=\"wp-block-column is-layout-flow wp-block-column-is-layout-flow\" style=\"flex-basis:100%\">\n<iframe loading=\"lazy\" src=\"https:\/\/imoveldoproprietario.com.br\/carrossel-blog\/todos\/todos\/rj\/rio-de-janeiro\/bangu,-rio-de-janeiro\/de-0-a-0\/0\/0\/0\/0\/1\/0\/3\/todas\" title=\"description\" width=\"100%\" height=\"560\"><\/iframe>\n<script async=\"\" src=\"https:\/\/pagead2.googlesyndication.com\/pagead\/js\/adsbygoogle.js?client=ca-pub-7076656487617186\" crossorigin=\"anonymous\"><\/script>\n<!-- Footer de postagens do blog -->\n<ins class=\"adsbygoogle\" style=\"display:block\" data-ad-client=\"ca-pub-7076656487617186\" data-ad-slot=\"1097759328\" data-ad-format=\"auto\" data-full-width-responsive=\"true\"><\/ins>\n<script>\n(adsbygoogle = window.adsbygoogle || []).push({});\n<\/script>\n<\/div>\n<\/div>\n","protected":false},"excerpt":{"rendered":"<p>Bangu \u00e9 um bairro populoso e extenso da Zona Oeste do Rio de Janeiro. Possui uma divis\u00e3o socioecon\u00f4mica bem acentuada, com \u00e1reas de classe m\u00e9dia e alta, mas tamb\u00e9m com&hellip; <\/p>\n","protected":false},"author":6,"featured_media":0,"comment_status":"open","ping_status":"open","sticky":false,"template":"","format":"standard","meta":{"footnotes":""},"categories":[8],"tags":[],"yoast_head":"<!-- This site is optimized with the Yoast SEO plugin v21.5 - https:\/\/yoast.com\/wordpress\/plugins\/seo\/ -->\n<title>Bangu: um bairro com contrastes no Rio de Janeiro - Jornal Im\u00f3velp<\/title>\n<meta name=\"robots\" content=\"index, follow, max-snippet:-1, max-image-preview:large, max-video-preview:-1\" \/>\n<link rel=\"canonical\" href=\"https:\/\/www.imovelp.com.br\/blog\/bangu-bairro\/\" \/>\n<meta property=\"og:locale\" content=\"en_US\" \/>\n<meta property=\"og:type\" content=\"article\" \/>\n<meta property=\"og:title\" content=\"Bangu: um bairro com contrastes no Rio de Janeiro - Jornal Im\u00f3velp\" \/>\n<meta property=\"og:description\" content=\"Bangu \u00e9 um bairro populoso e extenso da Zona Oeste do Rio de Janeiro. Possui uma divis\u00e3o socioecon\u00f4mica bem acentuada, com \u00e1reas de classe m\u00e9dia e alta, mas tamb\u00e9m com&hellip;\" \/>\n<meta property=\"og:url\" content=\"https:\/\/www.imovelp.com.br\/blog\/bangu-bairro\/\" \/>\n<meta property=\"og:site_name\" content=\"Jornal Im\u00f3velp\" \/>\n<meta property=\"article:published_time\" content=\"2023-04-27T15:49:00+00:00\" \/>\n<meta property=\"article:modified_time\" content=\"2023-10-26T18:53:49+00:00\" \/>\n<meta property=\"og:image\" content=\"https:\/\/www.imovelp.com.br\/blog\/wp-content\/uploads\/2023\/04\/Bangu-1.jpg\" \/>\n<meta name=\"twitter:card\" content=\"summary_large_image\" \/>\n<meta name=\"twitter:label1\" content=\"Written by\" \/>\n\t<meta name=\"twitter:data1\" content=\"\" \/>\n\t<meta name=\"twitter:label2\" content=\"Est. reading time\" \/>\n\t<meta name=\"twitter:data2\" content=\"2 minutes\" \/>\n<script type=\"application\/ld+json\" class=\"yoast-schema-graph\">{\"@context\":\"https:\/\/schema.org\",\"@graph\":[{\"@type\":\"WebPage\",\"@id\":\"https:\/\/www.imovelp.com.br\/blog\/bangu-bairro\/\",\"url\":\"https:\/\/www.imovelp.com.br\/blog\/bangu-bairro\/\",\"name\":\"Bangu: um bairro com contrastes no Rio de Janeiro - Jornal Im\u00f3velp\",\"isPartOf\":{\"@id\":\"https:\/\/www.imovelp.com.br\/blog\/#website\"},\"datePublished\":\"2023-04-27T15:49:00+00:00\",\"dateModified\":\"2023-10-26T18:53:49+00:00\",\"author\":{\"@id\":\"\"},\"breadcrumb\":{\"@id\":\"https:\/\/www.imovelp.com.br\/blog\/bangu-bairro\/#breadcrumb\"},\"inLanguage\":\"en-US\",\"potentialAction\":[{\"@type\":\"ReadAction\",\"target\":[\"https:\/\/www.imovelp.com.br\/blog\/bangu-bairro\/\"]}]},{\"@type\":\"BreadcrumbList\",\"@id\":\"https:\/\/www.imovelp.com.br\/blog\/bangu-bairro\/#breadcrumb\",\"itemListElement\":[{\"@type\":\"ListItem\",\"position\":1,\"name\":\"Home\",\"item\":\"https:\/\/www.imovelp.com.br\/blog\/\"},{\"@type\":\"ListItem\",\"position\":2,\"name\":\"Bangu: um bairro com contrastes no Rio de Janeiro\"}]},{\"@type\":\"WebSite\",\"@id\":\"https:\/\/www.imovelp.com.br\/blog\/#website\",\"url\":\"https:\/\/www.imovelp.com.br\/blog\/\",\"name\":\"Jornal Im\u00f3velp\",\"description\":\"Portal de Not\u00edcias do Corretor de Im\u00f3veis\",\"potentialAction\":[{\"@type\":\"SearchAction\",\"target\":{\"@type\":\"EntryPoint\",\"urlTemplate\":\"https:\/\/www.imovelp.com.br\/blog\/?s={search_term_string}\"},\"query-input\":\"required name=search_term_string\"}],\"inLanguage\":\"en-US\"},{\"@type\":\"Person\",\"@id\":\"\",\"url\":\"https:\/\/www.imovelp.com.br\/blog\/author\/\"}]}<\/script>\n<!-- \/ Yoast SEO plugin. -->","yoast_head_json":{"title":"Bangu: um bairro com contrastes no Rio de Janeiro - Jornal Im\u00f3velp","robots":{"index":"index","follow":"follow","max-snippet":"max-snippet:-1","max-image-preview":"max-image-preview:large","max-video-preview":"max-video-preview:-1"},"canonical":"https:\/\/www.imovelp.com.br\/blog\/bangu-bairro\/","og_locale":"en_US","og_type":"article","og_title":"Bangu: um bairro com contrastes no Rio de Janeiro - Jornal Im\u00f3velp","og_description":"Bangu \u00e9 um bairro populoso e extenso da Zona Oeste do Rio de Janeiro. Possui uma divis\u00e3o socioecon\u00f4mica bem acentuada, com \u00e1reas de classe m\u00e9dia e alta, mas tamb\u00e9m com&hellip;","og_url":"https:\/\/www.imovelp.com.br\/blog\/bangu-bairro\/","og_site_name":"Jornal Im\u00f3velp","article_published_time":"2023-04-27T15:49:00+00:00","article_modified_time":"2023-10-26T18:53:49+00:00","og_image":[{"url":"https:\/\/www.imovelp.com.br\/blog\/wp-content\/uploads\/2023\/04\/Bangu-1.jpg"}],"twitter_card":"summary_large_image","twitter_misc":{"Written by":"","Est. reading time":"2 minutes"},"schema":{"@context":"https:\/\/schema.org","@graph":[{"@type":"WebPage","@id":"https:\/\/www.imovelp.com.br\/blog\/bangu-bairro\/","url":"https:\/\/www.imovelp.com.br\/blog\/bangu-bairro\/","name":"Bangu: um bairro com contrastes no Rio de Janeiro - Jornal Im\u00f3velp","isPartOf":{"@id":"https:\/\/www.imovelp.com.br\/blog\/#website"},"datePublished":"2023-04-27T15:49:00+00:00","dateModified":"2023-10-26T18:53:49+00:00","author":{"@id":""},"breadcrumb":{"@id":"https:\/\/www.imovelp.com.br\/blog\/bangu-bairro\/#breadcrumb"},"inLanguage":"en-US","potentialAction":[{"@type":"ReadAction","target":["https:\/\/www.imovelp.com.br\/blog\/bangu-bairro\/"]}]},{"@type":"BreadcrumbList","@id":"https:\/\/www.imovelp.com.br\/blog\/bangu-bairro\/#breadcrumb","itemListElement":[{"@type":"ListItem","position":1,"name":"Home","item":"https:\/\/www.imovelp.com.br\/blog\/"},{"@type":"ListItem","position":2,"name":"Bangu: um bairro com contrastes no Rio de Janeiro"}]},{"@type":"WebSite","@id":"https:\/\/www.imovelp.com.br\/blog\/#website","url":"https:\/\/www.imovelp.com.br\/blog\/","name":"Jornal Im\u00f3velp","description":"Portal de Not\u00edcias do Corretor de Im\u00f3veis","potentialAction":[{"@type":"SearchAction","target":{"@type":"EntryPoint","urlTemplate":"https:\/\/www.imovelp.com.br\/blog\/?s={search_term_string}"},"query-input":"required name=search_term_string"}],"inLanguage":"en-US"},{"@type":"Person","@id":"","url":"https:\/\/www.imovelp.com.br\/blog\/author\/"}]}},"_links":{"self":[{"href":"https:\/\/www.imovelp.com.br\/blog\/wp-json\/wp\/v2\/posts\/1711"}],"collection":[{"href":"https:\/\/www.imovelp.com.br\/blog\/wp-json\/wp\/v2\/posts"}],"about":[{"href":"https:\/\/www.imovelp.com.br\/blog\/wp-json\/wp\/v2\/types\/post"}],"author":[{"embeddable":true,"href":"https:\/\/www.imovelp.com.br\/blog\/wp-json\/wp\/v2\/users\/6"}],"replies":[{"embeddable":true,"href":"https:\/\/www.imovelp.com.br\/blog\/wp-json\/wp\/v2\/comments?post=1711"}],"version-history":[{"count":2,"href":"https:\/\/www.imovelp.com.br\/blog\/wp-json\/wp\/v2\/posts\/1711\/revisions"}],"predecessor-version":[{"id":1720,"href":"https:\/\/www.imovelp.com.br\/blog\/wp-json\/wp\/v2\/posts\/1711\/revisions\/1720"}],"wp:attachment":[{"href":"https:\/\/www.imovelp.com.br\/blog\/wp-json\/wp\/v2\/media?parent=1711"}],"wp:term":[{"taxonomy":"category","embeddable":true,"href":"https:\/\/www.imovelp.com.br\/blog\/wp-json\/wp\/v2\/categories?post=1711"},{"taxonomy":"post_tag","embeddable":true,"href":"https:\/\/www.imovelp.com.br\/blog\/wp-json\/wp\/v2\/tags?post=1711"}],"curies":[{"name":"wp","href":"https:\/\/api.w.org\/{rel}","templated":true}]}}