{"id":1683,"date":"2023-04-20T13:06:44","date_gmt":"2023-04-20T13:06:44","guid":{"rendered":"https:\/\/www.imovelp.com.br\/blog\/?p=1683"},"modified":"2023-10-26T15:53:49","modified_gmt":"2023-10-26T18:53:49","slug":"bairro-flores-manaus","status":"publish","type":"post","link":"https:\/\/www.imovelp.com.br\/blog\/bairro-flores-manaus\/","title":{"rendered":"Conhe\u00e7a o bairro Flores em Manaus: op\u00e7\u00f5es de lazer, seguran\u00e7a e mobilidade."},"content":{"rendered":"\n<p><em>Saiba mais sobre o maior bairro em extens\u00e3o territorial da zona Centro-Sul de Manaus.<\/em><\/p>\n\n\n\n<figure class=\"wp-block-image size-large\"><img decoding=\"async\" src=\"https:\/\/www.imovelp.com.br\/blog\/wp-content\/uploads\/2023\/04\/Historia-do-Bairro-Flores.jpg\" alt=\"Bairro Flores\" class=\"wp-image-1684\"\/><figcaption>Bairro Flores<\/figcaption><\/figure>\n\n\n\n<h3 class=\"wp-block-heading\"><strong>O bairro Flores em Manaus<\/strong><\/h3>\n\n\n\n<p>Flores \u00e9 um dos maiores bairros em extens\u00e3o territorial de Manaus, situado na zona Centro-Sul da cidade. O bairro abriga parte das principais avenidas da cidade, como a Constantino Nery, Torquato Tapaj\u00f3s e Max Texeira.<\/p>\n\n\n\n<p><\/p>\n\n\n\n<h3 class=\"wp-block-heading\"><strong>Lazer e cultura em Flores<\/strong><\/h3>\n\n\n\n<p>Com diversas op\u00e7\u00f5es de esporte, lazer e cultura, Flores possui bairros adjacentes como o Parque das Laranjeiras e o Parque das Na\u00e7\u00f5es. Ele tamb\u00e9m est\u00e1 situado ao lado do bairro Parque 10 de Novembro.<\/p>\n\n\n\n<p><\/p>\n\n\n\n<h3 class=\"wp-block-heading\"><strong>Custo de vida em Flores<\/strong><\/h3>\n\n\n\n<p>Apesar de ser uma \u00e1rea comercial, o bairro Flores \u00e9 conhecido por ter um custo de vida elevado, atendendo principalmente a classe m\u00e9dia de Manaus. O valor m\u00e9dio do aluguel \u00e9 de R$ 2 mil, mas os moradores afirmam que a diversidade de op\u00e7\u00f5es permite uma boa pesquisa de pre\u00e7o.<\/p>\n\n\n\n<p><\/p>\n\n\n\n<h3 class=\"wp-block-heading\"><strong>Seguran\u00e7a em Flores<\/strong><\/h3>\n\n\n\n<p>Os moradores afirmam que o bairro \u00e9 seguro, mesmo com suas avenidas movimentadas. No Parque das Laranjeiras, um bairro adjacente, encontra-se o 12\u00ba Distrito Integrado de Pol\u00edcia, que atende tamb\u00e9m Flores, Parque Dez de Novembro e Cidade Nova.<\/p>\n\n\n\n<p><\/p>\n\n\n\n<h3 class=\"wp-block-heading\"><strong>Servi\u00e7os em Flores<\/strong><\/h3>\n\n\n\n<p>O com\u00e9rcio em Flores \u00e9 variado e conta com unidades b\u00e1sicas de sa\u00fade, supermercados, cl\u00ednicas veterin\u00e1rias e academias. Al\u00e9m disso, o Aeroclube de Manaus, onde avi\u00f5es de pequeno porte pousam e decolam, est\u00e1 localizado em Flores.<\/p>\n\n\n\n<p><\/p>\n\n\n\n<h3 class=\"wp-block-heading\"><strong>Transporte e mobilidade em Flores<\/strong><\/h3>\n\n\n\n<p>O transporte p\u00fablico no bairro \u00e9 de f\u00e1cil acesso com pontos e plataformas de \u00f4nibus espalhados por Flores.<\/p>\n\n\n\n<p><\/p>\n\n\n\n<h3 class=\"wp-block-heading\"><strong>Educa\u00e7\u00e3o em Flores<\/strong><\/h3>\n\n\n\n<p>Para quem deseja estudar em Flores, \u00e9 poss\u00edvel encontrar escolas p\u00fablicas e particulares que v\u00e3o da educa\u00e7\u00e3o b\u00e1sica ao ensino m\u00e9dio. Al\u00e9m disso, o bairro abriga a Universidade Nilton Lins, uma das faculdades particulares mais tradicionais de Manaus, situada na avenida de mesmo nome, que homenageia o ex-professor da Universidade Federal do Amazonas (Ufam) Nilton Costa Lins, advogado e administrador.<\/p>\n\n\n\n<div class=\"wp-block-columns alignwide is-layout-flex wp-container-2 wp-block-columns-is-layout-flex\">\n<div class=\"wp-block-column is-layout-flow wp-block-column-is-layout-flow\" style=\"flex-basis:100%\">\n<iframe loading=\"lazy\" src=\"https:\/\/imoveldoproprietario.com.br\/carrossel-blog\/todos\/todos\/am\/manaus\/flores\/de-0-a-0\/0\/0\/0\/0\/1\/0\/3\/todas\" title=\"description\" width=\"100%\" height=\"560\"><\/iframe>\n<script async=\"\" src=\"https:\/\/pagead2.googlesyndication.com\/pagead\/js\/adsbygoogle.js?client=ca-pub-7076656487617186\" crossorigin=\"anonymous\"><\/script>\n<!-- Footer de postagens do blog -->\n<ins class=\"adsbygoogle\" style=\"display:block\" data-ad-client=\"ca-pub-7076656487617186\" data-ad-slot=\"1097759328\" data-ad-format=\"auto\" data-full-width-responsive=\"true\"><\/ins>\n<script>\n(adsbygoogle = window.adsbygoogle || []).push({});\n<\/script>\n<\/div>\n<\/div>\n","protected":false},"excerpt":{"rendered":"<p>Saiba mais sobre o maior bairro em extens\u00e3o territorial da zona Centro-Sul de Manaus. O bairro Flores em Manaus Flores \u00e9 um dos maiores bairros em extens\u00e3o territorial de Manaus,&hellip; <\/p>\n","protected":false},"author":6,"featured_media":0,"comment_status":"open","ping_status":"open","sticky":false,"template":"","format":"standard","meta":{"footnotes":""},"categories":[8],"tags":[],"yoast_head":"<!-- This site is optimized with the Yoast SEO plugin v21.5 - https:\/\/yoast.com\/wordpress\/plugins\/seo\/ -->\n<title>Conhe\u00e7a o bairro Flores em Manaus: op\u00e7\u00f5es de lazer, seguran\u00e7a e mobilidade. - Jornal Im\u00f3velp<\/title>\n<meta name=\"robots\" content=\"index, follow, max-snippet:-1, max-image-preview:large, max-video-preview:-1\" \/>\n<link rel=\"canonical\" href=\"https:\/\/www.imovelp.com.br\/blog\/bairro-flores-manaus\/\" \/>\n<meta property=\"og:locale\" content=\"en_US\" \/>\n<meta property=\"og:type\" content=\"article\" \/>\n<meta property=\"og:title\" content=\"Conhe\u00e7a o bairro Flores em Manaus: op\u00e7\u00f5es de lazer, seguran\u00e7a e mobilidade. - Jornal Im\u00f3velp\" \/>\n<meta property=\"og:description\" content=\"Saiba mais sobre o maior bairro em extens\u00e3o territorial da zona Centro-Sul de Manaus. O bairro Flores em Manaus Flores \u00e9 um dos maiores bairros em extens\u00e3o territorial de Manaus,&hellip;\" \/>\n<meta property=\"og:url\" content=\"https:\/\/www.imovelp.com.br\/blog\/bairro-flores-manaus\/\" \/>\n<meta property=\"og:site_name\" content=\"Jornal Im\u00f3velp\" \/>\n<meta property=\"article:published_time\" content=\"2023-04-20T13:06:44+00:00\" \/>\n<meta property=\"article:modified_time\" content=\"2023-10-26T18:53:49+00:00\" \/>\n<meta property=\"og:image\" content=\"https:\/\/www.imovelp.com.br\/blog\/wp-content\/uploads\/2023\/04\/Historia-do-Bairro-Flores.jpg\" \/>\n<meta name=\"twitter:card\" content=\"summary_large_image\" \/>\n<meta name=\"twitter:label1\" content=\"Written by\" \/>\n\t<meta name=\"twitter:data1\" content=\"\" \/>\n\t<meta name=\"twitter:label2\" content=\"Est. reading time\" \/>\n\t<meta name=\"twitter:data2\" content=\"2 minutes\" \/>\n<script type=\"application\/ld+json\" class=\"yoast-schema-graph\">{\"@context\":\"https:\/\/schema.org\",\"@graph\":[{\"@type\":\"WebPage\",\"@id\":\"https:\/\/www.imovelp.com.br\/blog\/bairro-flores-manaus\/\",\"url\":\"https:\/\/www.imovelp.com.br\/blog\/bairro-flores-manaus\/\",\"name\":\"Conhe\u00e7a o bairro Flores em Manaus: op\u00e7\u00f5es de lazer, seguran\u00e7a e mobilidade. - Jornal Im\u00f3velp\",\"isPartOf\":{\"@id\":\"https:\/\/www.imovelp.com.br\/blog\/#website\"},\"datePublished\":\"2023-04-20T13:06:44+00:00\",\"dateModified\":\"2023-10-26T18:53:49+00:00\",\"author\":{\"@id\":\"\"},\"breadcrumb\":{\"@id\":\"https:\/\/www.imovelp.com.br\/blog\/bairro-flores-manaus\/#breadcrumb\"},\"inLanguage\":\"en-US\",\"potentialAction\":[{\"@type\":\"ReadAction\",\"target\":[\"https:\/\/www.imovelp.com.br\/blog\/bairro-flores-manaus\/\"]}]},{\"@type\":\"BreadcrumbList\",\"@id\":\"https:\/\/www.imovelp.com.br\/blog\/bairro-flores-manaus\/#breadcrumb\",\"itemListElement\":[{\"@type\":\"ListItem\",\"position\":1,\"name\":\"Home\",\"item\":\"https:\/\/www.imovelp.com.br\/blog\/\"},{\"@type\":\"ListItem\",\"position\":2,\"name\":\"Conhe\u00e7a o bairro Flores em Manaus: op\u00e7\u00f5es de lazer, seguran\u00e7a e mobilidade.\"}]},{\"@type\":\"WebSite\",\"@id\":\"https:\/\/www.imovelp.com.br\/blog\/#website\",\"url\":\"https:\/\/www.imovelp.com.br\/blog\/\",\"name\":\"Jornal Im\u00f3velp\",\"description\":\"Portal de Not\u00edcias do Corretor de Im\u00f3veis\",\"potentialAction\":[{\"@type\":\"SearchAction\",\"target\":{\"@type\":\"EntryPoint\",\"urlTemplate\":\"https:\/\/www.imovelp.com.br\/blog\/?s={search_term_string}\"},\"query-input\":\"required name=search_term_string\"}],\"inLanguage\":\"en-US\"},{\"@type\":\"Person\",\"@id\":\"\",\"url\":\"https:\/\/www.imovelp.com.br\/blog\/author\/\"}]}<\/script>\n<!-- \/ Yoast SEO plugin. -->","yoast_head_json":{"title":"Conhe\u00e7a o bairro Flores em Manaus: op\u00e7\u00f5es de lazer, seguran\u00e7a e mobilidade. - Jornal Im\u00f3velp","robots":{"index":"index","follow":"follow","max-snippet":"max-snippet:-1","max-image-preview":"max-image-preview:large","max-video-preview":"max-video-preview:-1"},"canonical":"https:\/\/www.imovelp.com.br\/blog\/bairro-flores-manaus\/","og_locale":"en_US","og_type":"article","og_title":"Conhe\u00e7a o bairro Flores em Manaus: op\u00e7\u00f5es de lazer, seguran\u00e7a e mobilidade. - Jornal Im\u00f3velp","og_description":"Saiba mais sobre o maior bairro em extens\u00e3o territorial da zona Centro-Sul de Manaus. O bairro Flores em Manaus Flores \u00e9 um dos maiores bairros em extens\u00e3o territorial de Manaus,&hellip;","og_url":"https:\/\/www.imovelp.com.br\/blog\/bairro-flores-manaus\/","og_site_name":"Jornal Im\u00f3velp","article_published_time":"2023-04-20T13:06:44+00:00","article_modified_time":"2023-10-26T18:53:49+00:00","og_image":[{"url":"https:\/\/www.imovelp.com.br\/blog\/wp-content\/uploads\/2023\/04\/Historia-do-Bairro-Flores.jpg"}],"twitter_card":"summary_large_image","twitter_misc":{"Written by":"","Est. reading time":"2 minutes"},"schema":{"@context":"https:\/\/schema.org","@graph":[{"@type":"WebPage","@id":"https:\/\/www.imovelp.com.br\/blog\/bairro-flores-manaus\/","url":"https:\/\/www.imovelp.com.br\/blog\/bairro-flores-manaus\/","name":"Conhe\u00e7a o bairro Flores em Manaus: op\u00e7\u00f5es de lazer, seguran\u00e7a e mobilidade. - Jornal Im\u00f3velp","isPartOf":{"@id":"https:\/\/www.imovelp.com.br\/blog\/#website"},"datePublished":"2023-04-20T13:06:44+00:00","dateModified":"2023-10-26T18:53:49+00:00","author":{"@id":""},"breadcrumb":{"@id":"https:\/\/www.imovelp.com.br\/blog\/bairro-flores-manaus\/#breadcrumb"},"inLanguage":"en-US","potentialAction":[{"@type":"ReadAction","target":["https:\/\/www.imovelp.com.br\/blog\/bairro-flores-manaus\/"]}]},{"@type":"BreadcrumbList","@id":"https:\/\/www.imovelp.com.br\/blog\/bairro-flores-manaus\/#breadcrumb","itemListElement":[{"@type":"ListItem","position":1,"name":"Home","item":"https:\/\/www.imovelp.com.br\/blog\/"},{"@type":"ListItem","position":2,"name":"Conhe\u00e7a o bairro Flores em Manaus: op\u00e7\u00f5es de lazer, seguran\u00e7a e mobilidade."}]},{"@type":"WebSite","@id":"https:\/\/www.imovelp.com.br\/blog\/#website","url":"https:\/\/www.imovelp.com.br\/blog\/","name":"Jornal Im\u00f3velp","description":"Portal de Not\u00edcias do Corretor de Im\u00f3veis","potentialAction":[{"@type":"SearchAction","target":{"@type":"EntryPoint","urlTemplate":"https:\/\/www.imovelp.com.br\/blog\/?s={search_term_string}"},"query-input":"required name=search_term_string"}],"inLanguage":"en-US"},{"@type":"Person","@id":"","url":"https:\/\/www.imovelp.com.br\/blog\/author\/"}]}},"_links":{"self":[{"href":"https:\/\/www.imovelp.com.br\/blog\/wp-json\/wp\/v2\/posts\/1683"}],"collection":[{"href":"https:\/\/www.imovelp.com.br\/blog\/wp-json\/wp\/v2\/posts"}],"about":[{"href":"https:\/\/www.imovelp.com.br\/blog\/wp-json\/wp\/v2\/types\/post"}],"author":[{"embeddable":true,"href":"https:\/\/www.imovelp.com.br\/blog\/wp-json\/wp\/v2\/users\/6"}],"replies":[{"embeddable":true,"href":"https:\/\/www.imovelp.com.br\/blog\/wp-json\/wp\/v2\/comments?post=1683"}],"version-history":[{"count":2,"href":"https:\/\/www.imovelp.com.br\/blog\/wp-json\/wp\/v2\/posts\/1683\/revisions"}],"predecessor-version":[{"id":1722,"href":"https:\/\/www.imovelp.com.br\/blog\/wp-json\/wp\/v2\/posts\/1683\/revisions\/1722"}],"wp:attachment":[{"href":"https:\/\/www.imovelp.com.br\/blog\/wp-json\/wp\/v2\/media?parent=1683"}],"wp:term":[{"taxonomy":"category","embeddable":true,"href":"https:\/\/www.imovelp.com.br\/blog\/wp-json\/wp\/v2\/categories?post=1683"},{"taxonomy":"post_tag","embeddable":true,"href":"https:\/\/www.imovelp.com.br\/blog\/wp-json\/wp\/v2\/tags?post=1683"}],"curies":[{"name":"wp","href":"https:\/\/api.w.org\/{rel}","templated":true}]}}