{"id":1646,"date":"2023-04-14T13:04:27","date_gmt":"2023-04-14T13:04:27","guid":{"rendered":"https:\/\/www.imovelp.com.br\/blog\/?p=1646"},"modified":"2023-10-26T15:53:55","modified_gmt":"2023-10-26T18:53:55","slug":"taguatinga-do-norte","status":"publish","type":"post","link":"https:\/\/www.imovelp.com.br\/blog\/taguatinga-do-norte\/","title":{"rendered":"Taguatinga: conhe\u00e7a a primeira cidade-sat\u00e9lite de Bras\u00edlia"},"content":{"rendered":"\n<figure class=\"wp-block-image size-large\"><img decoding=\"async\" src=\"https:\/\/www.imovelp.com.br\/blog\/wp-content\/uploads\/2023\/04\/1437967751-1024x683.jpg\" alt=\"Rel\u00f3gio da Pra\u00e7a Central\" class=\"wp-image-1647\"\/><figcaption>Rel\u00f3gio da Pra\u00e7a Central<\/figcaption><\/figure>\n\n\n\n<p>Taguatinga Norte \u00e9 um bairro localizado no Distrito Federal, em Bras\u00edlia, a cerca de 19 km do centro da capital. A cidade foi fundada em 5 de junho de 1958, na Fazenda Taguatinga, que na \u00e9poca pertencia ao munic\u00edpio de Luzi\u00e2nia, em Goi\u00e1s. Em apenas seis meses ap\u00f3s a instala\u00e7\u00e3o dos primeiros habitantes, j\u00e1 funcionavam no local escolas, hospitais, casas para professoras e estabelecimentos comerciais, tornando-se a primeira cidade-sat\u00e9lite de Bras\u00edlia.<\/p>\n\n\n\n<p>Em 1970, Taguatinga foi oficialmente reconhecida como cidade pelo governador H\u00e9lio Prates da Silveira, por meio do Decreto 571\/70. A cidade recebeu esse nome devido \u00e0 fazenda de mesmo nome, que ficava na regi\u00e3o. Inicialmente, o termo &#8220;Tau\u00e1 + Tinga&#8221;, do tupi-guarani, foi traduzido erroneamente como &#8220;Ave Branca&#8221;, o que gerou nomes de institui\u00e7\u00f5es e empresas referentes a esse termo. Por\u00e9m, posteriormente, a tese lingu\u00edstica do poeta Ant\u00f4nio Garcia Muralha revelou que Taguatinga significa &#8220;barro branco&#8221; em tupi-guarani, ocorr\u00eancia geol\u00f3gica presente na regi\u00e3o, enquanto &#8220;Ave Branca&#8221; vem de &#8220;Uir\u00e1-Tiga&#8221;.<\/p>\n\n\n\n<p><\/p>\n\n\n\n<h3 class=\"wp-block-heading\"><strong>Cultura em Taguatinga do Norte<\/strong><\/h3>\n\n\n\n<p>Taguatinga Norte tem como destaque o Rel\u00f3gio da Pra\u00e7a Central, um monumento hist\u00f3rico que foi tombado como patrim\u00f4nio cultural e art\u00edstico do Distrito Federal. Com cerca de 15 metros de altura e formato hexagonal, o rel\u00f3gio possui quatro faces e \u00e9 apoiado em uma estrutura de concreto em forma quadrada. Al\u00e9m disso, o Mercad\u00e3o Sul \u00e9 conhecido como o &#8220;Ber\u00e7o da Cultura&#8221;, onde os pontos de cultura e grupos culturais expressam e preservam suas ra\u00edzes culturais.<\/p>\n\n\n\n<p>O Centro Cultural do SESI, localizado em Taguatinga Norte, tem como objetivo colocar o acervo da cria\u00e7\u00e3o cultural ao alcance dos trabalhadores da ind\u00fastria, e de forma ampla da sociedade, por meio de espet\u00e1culos, eventos, cursos, workshops e oficinas nas \u00e1reas de teatro, cinema, m\u00fasica, dan\u00e7a, artes pl\u00e1sticas e literatura. Outro ponto de refer\u00eancia \u00e9 o Cineteatro, o Teatro da Pra\u00e7a, que \u00e9 fruto de um conv\u00eanio entre a Administra\u00e7\u00e3o Regional de Taguatinga e a Funda\u00e7\u00e3o Cultural do DF. O Teatro Rola Pedra, por sua vez, oferece uma din\u00e2mica proposta cultural em Taguatinga Norte.<\/p>\n\n\n\n<p>Existem tamb\u00e9m v\u00e1rios pontos de cultura e grupos culturais concentrados no Mercad\u00e3o Sul, como o Ponto de Cultura Inven\u00e7\u00e3o Brasileira, que trabalha com oficinas e confec\u00e7\u00f5es de arte em reciclagem, produ\u00e7\u00e3o de mamulengos, artesanato, design gr\u00e1fico e cine clube, e o Ponto de Cultura Cia Artcum, que oferece oficinas de teatro e luthieria voltado para instrumentos de percuss\u00e3o.<\/p>\n\n\n\n<p>Taguatinga Norte \u00e9 um bairro completo e diversificado, com muitas op\u00e7\u00f5es de lazer<\/p>\n\n\n\n<div class=\"wp-block-columns alignwide is-layout-flex wp-container-2 wp-block-columns-is-layout-flex\">\n<div class=\"wp-block-column is-layout-flow wp-block-column-is-layout-flow\" style=\"flex-basis:100%\">\n<iframe loading=\"lazy\" src=\"https:\/\/imoveldoproprietario.com.br\/carrossel-blog\/todos\/todos\/df\/brasilia\/todos\/de-0-a-0\/0\/0\/0\/0\/1\/0\/3\/todas\" title=\"description\" width=\"100%\" height=\"560\"><\/iframe>\n<script async src=\"https:\/\/pagead2.googlesyndication.com\/pagead\/js\/adsbygoogle.js?client=ca-pub-7076656487617186\"\ncrossorigin=\"anonymous\"><\/script>\n<!-- Footer de postagens do blog -->\n<ins class=\"adsbygoogle\"\n style=\"display:block\"\n data-ad-client=\"ca-pub-7076656487617186\"\n data-ad-slot=\"1097759328\"\n data-ad-format=\"auto\"\n data-full-width-responsive=\"true\"><\/ins>\n<script>\n(adsbygoogle = window.adsbygoogle || []).push({});\n<\/script>\n<\/div>\n<\/div>\n","protected":false},"excerpt":{"rendered":"<p>Taguatinga Norte \u00e9 um bairro localizado no Distrito Federal, em Bras\u00edlia, a cerca de 19 km do centro da capital. A cidade foi fundada em 5 de junho de 1958,&hellip; <\/p>\n","protected":false},"author":6,"featured_media":0,"comment_status":"open","ping_status":"open","sticky":false,"template":"","format":"standard","meta":{"footnotes":""},"categories":[8],"tags":[],"yoast_head":"<!-- This site is optimized with the Yoast SEO plugin v21.5 - https:\/\/yoast.com\/wordpress\/plugins\/seo\/ -->\n<title>Taguatinga: conhe\u00e7a a primeira cidade-sat\u00e9lite de Bras\u00edlia - Jornal Im\u00f3velp<\/title>\n<meta name=\"robots\" content=\"index, follow, max-snippet:-1, max-image-preview:large, max-video-preview:-1\" \/>\n<link rel=\"canonical\" href=\"https:\/\/www.imovelp.com.br\/blog\/taguatinga-do-norte\/\" \/>\n<meta property=\"og:locale\" content=\"en_US\" \/>\n<meta property=\"og:type\" content=\"article\" \/>\n<meta property=\"og:title\" content=\"Taguatinga: conhe\u00e7a a primeira cidade-sat\u00e9lite de Bras\u00edlia - Jornal Im\u00f3velp\" \/>\n<meta property=\"og:description\" content=\"Taguatinga Norte \u00e9 um bairro localizado no Distrito Federal, em Bras\u00edlia, a cerca de 19 km do centro da capital. A cidade foi fundada em 5 de junho de 1958,&hellip;\" \/>\n<meta property=\"og:url\" content=\"https:\/\/www.imovelp.com.br\/blog\/taguatinga-do-norte\/\" \/>\n<meta property=\"og:site_name\" content=\"Jornal Im\u00f3velp\" \/>\n<meta property=\"article:published_time\" content=\"2023-04-14T13:04:27+00:00\" \/>\n<meta property=\"article:modified_time\" content=\"2023-10-26T18:53:55+00:00\" \/>\n<meta property=\"og:image\" content=\"https:\/\/www.imovelp.com.br\/blog\/wp-content\/uploads\/2023\/04\/1437967751-1024x683.jpg\" \/>\n<meta name=\"twitter:card\" content=\"summary_large_image\" \/>\n<meta name=\"twitter:label1\" content=\"Written by\" \/>\n\t<meta name=\"twitter:data1\" content=\"\" \/>\n\t<meta name=\"twitter:label2\" content=\"Est. reading time\" \/>\n\t<meta name=\"twitter:data2\" content=\"2 minutes\" \/>\n<script type=\"application\/ld+json\" class=\"yoast-schema-graph\">{\"@context\":\"https:\/\/schema.org\",\"@graph\":[{\"@type\":\"WebPage\",\"@id\":\"https:\/\/www.imovelp.com.br\/blog\/taguatinga-do-norte\/\",\"url\":\"https:\/\/www.imovelp.com.br\/blog\/taguatinga-do-norte\/\",\"name\":\"Taguatinga: conhe\u00e7a a primeira cidade-sat\u00e9lite de Bras\u00edlia - Jornal Im\u00f3velp\",\"isPartOf\":{\"@id\":\"https:\/\/www.imovelp.com.br\/blog\/#website\"},\"datePublished\":\"2023-04-14T13:04:27+00:00\",\"dateModified\":\"2023-10-26T18:53:55+00:00\",\"author\":{\"@id\":\"\"},\"breadcrumb\":{\"@id\":\"https:\/\/www.imovelp.com.br\/blog\/taguatinga-do-norte\/#breadcrumb\"},\"inLanguage\":\"en-US\",\"potentialAction\":[{\"@type\":\"ReadAction\",\"target\":[\"https:\/\/www.imovelp.com.br\/blog\/taguatinga-do-norte\/\"]}]},{\"@type\":\"BreadcrumbList\",\"@id\":\"https:\/\/www.imovelp.com.br\/blog\/taguatinga-do-norte\/#breadcrumb\",\"itemListElement\":[{\"@type\":\"ListItem\",\"position\":1,\"name\":\"Home\",\"item\":\"https:\/\/www.imovelp.com.br\/blog\/\"},{\"@type\":\"ListItem\",\"position\":2,\"name\":\"Taguatinga: conhe\u00e7a a primeira cidade-sat\u00e9lite de Bras\u00edlia\"}]},{\"@type\":\"WebSite\",\"@id\":\"https:\/\/www.imovelp.com.br\/blog\/#website\",\"url\":\"https:\/\/www.imovelp.com.br\/blog\/\",\"name\":\"Jornal Im\u00f3velp\",\"description\":\"Portal de Not\u00edcias do Corretor de Im\u00f3veis\",\"potentialAction\":[{\"@type\":\"SearchAction\",\"target\":{\"@type\":\"EntryPoint\",\"urlTemplate\":\"https:\/\/www.imovelp.com.br\/blog\/?s={search_term_string}\"},\"query-input\":\"required name=search_term_string\"}],\"inLanguage\":\"en-US\"},{\"@type\":\"Person\",\"@id\":\"\",\"url\":\"https:\/\/www.imovelp.com.br\/blog\/author\/\"}]}<\/script>\n<!-- \/ Yoast SEO plugin. -->","yoast_head_json":{"title":"Taguatinga: conhe\u00e7a a primeira cidade-sat\u00e9lite de Bras\u00edlia - Jornal Im\u00f3velp","robots":{"index":"index","follow":"follow","max-snippet":"max-snippet:-1","max-image-preview":"max-image-preview:large","max-video-preview":"max-video-preview:-1"},"canonical":"https:\/\/www.imovelp.com.br\/blog\/taguatinga-do-norte\/","og_locale":"en_US","og_type":"article","og_title":"Taguatinga: conhe\u00e7a a primeira cidade-sat\u00e9lite de Bras\u00edlia - Jornal Im\u00f3velp","og_description":"Taguatinga Norte \u00e9 um bairro localizado no Distrito Federal, em Bras\u00edlia, a cerca de 19 km do centro da capital. A cidade foi fundada em 5 de junho de 1958,&hellip;","og_url":"https:\/\/www.imovelp.com.br\/blog\/taguatinga-do-norte\/","og_site_name":"Jornal Im\u00f3velp","article_published_time":"2023-04-14T13:04:27+00:00","article_modified_time":"2023-10-26T18:53:55+00:00","og_image":[{"url":"https:\/\/www.imovelp.com.br\/blog\/wp-content\/uploads\/2023\/04\/1437967751-1024x683.jpg"}],"twitter_card":"summary_large_image","twitter_misc":{"Written by":"","Est. reading time":"2 minutes"},"schema":{"@context":"https:\/\/schema.org","@graph":[{"@type":"WebPage","@id":"https:\/\/www.imovelp.com.br\/blog\/taguatinga-do-norte\/","url":"https:\/\/www.imovelp.com.br\/blog\/taguatinga-do-norte\/","name":"Taguatinga: conhe\u00e7a a primeira cidade-sat\u00e9lite de Bras\u00edlia - Jornal Im\u00f3velp","isPartOf":{"@id":"https:\/\/www.imovelp.com.br\/blog\/#website"},"datePublished":"2023-04-14T13:04:27+00:00","dateModified":"2023-10-26T18:53:55+00:00","author":{"@id":""},"breadcrumb":{"@id":"https:\/\/www.imovelp.com.br\/blog\/taguatinga-do-norte\/#breadcrumb"},"inLanguage":"en-US","potentialAction":[{"@type":"ReadAction","target":["https:\/\/www.imovelp.com.br\/blog\/taguatinga-do-norte\/"]}]},{"@type":"BreadcrumbList","@id":"https:\/\/www.imovelp.com.br\/blog\/taguatinga-do-norte\/#breadcrumb","itemListElement":[{"@type":"ListItem","position":1,"name":"Home","item":"https:\/\/www.imovelp.com.br\/blog\/"},{"@type":"ListItem","position":2,"name":"Taguatinga: conhe\u00e7a a primeira cidade-sat\u00e9lite de Bras\u00edlia"}]},{"@type":"WebSite","@id":"https:\/\/www.imovelp.com.br\/blog\/#website","url":"https:\/\/www.imovelp.com.br\/blog\/","name":"Jornal Im\u00f3velp","description":"Portal de Not\u00edcias do Corretor de Im\u00f3veis","potentialAction":[{"@type":"SearchAction","target":{"@type":"EntryPoint","urlTemplate":"https:\/\/www.imovelp.com.br\/blog\/?s={search_term_string}"},"query-input":"required name=search_term_string"}],"inLanguage":"en-US"},{"@type":"Person","@id":"","url":"https:\/\/www.imovelp.com.br\/blog\/author\/"}]}},"_links":{"self":[{"href":"https:\/\/www.imovelp.com.br\/blog\/wp-json\/wp\/v2\/posts\/1646"}],"collection":[{"href":"https:\/\/www.imovelp.com.br\/blog\/wp-json\/wp\/v2\/posts"}],"about":[{"href":"https:\/\/www.imovelp.com.br\/blog\/wp-json\/wp\/v2\/types\/post"}],"author":[{"embeddable":true,"href":"https:\/\/www.imovelp.com.br\/blog\/wp-json\/wp\/v2\/users\/6"}],"replies":[{"embeddable":true,"href":"https:\/\/www.imovelp.com.br\/blog\/wp-json\/wp\/v2\/comments?post=1646"}],"version-history":[{"count":3,"href":"https:\/\/www.imovelp.com.br\/blog\/wp-json\/wp\/v2\/posts\/1646\/revisions"}],"predecessor-version":[{"id":1693,"href":"https:\/\/www.imovelp.com.br\/blog\/wp-json\/wp\/v2\/posts\/1646\/revisions\/1693"}],"wp:attachment":[{"href":"https:\/\/www.imovelp.com.br\/blog\/wp-json\/wp\/v2\/media?parent=1646"}],"wp:term":[{"taxonomy":"category","embeddable":true,"href":"https:\/\/www.imovelp.com.br\/blog\/wp-json\/wp\/v2\/categories?post=1646"},{"taxonomy":"post_tag","embeddable":true,"href":"https:\/\/www.imovelp.com.br\/blog\/wp-json\/wp\/v2\/tags?post=1646"}],"curies":[{"name":"wp","href":"https:\/\/api.w.org\/{rel}","templated":true}]}}