{"id":1643,"date":"2023-04-14T12:52:55","date_gmt":"2023-04-14T12:52:55","guid":{"rendered":"https:\/\/www.imovelp.com.br\/blog\/?p=1643"},"modified":"2023-10-26T15:53:56","modified_gmt":"2023-10-26T18:53:56","slug":"realengo","status":"publish","type":"post","link":"https:\/\/www.imovelp.com.br\/blog\/realengo\/","title":{"rendered":"Realengo: conhe\u00e7a o bairro populoso e hist\u00f3rico do Rio de Janeiro"},"content":{"rendered":"\n<figure class=\"wp-block-image size-large\"><img decoding=\"async\" src=\"https:\/\/www.imovelp.com.br\/blog\/wp-content\/uploads\/2023\/04\/article-1024x768.jpg\" alt=\"Grupamento de Unidades Escola - 9\u00aa Brigada de Infantaria Motorizada (GUEs-9\u00aa Bda Inf Mtz) - Realengo\" class=\"wp-image-1644\"\/><figcaption>Grupamento de Unidades Escola &#8211; 9\u00aa Brigada de Infantaria Motorizada (GUEs-9\u00aa Bda Inf Mtz) &#8211; Realengo (Cr\u00e9dito: Sd Lemos e Sd Murilo)<\/figcaption><\/figure>\n\n\n\n<p><em>Realengo \u00e9 um grande e populoso bairro da Zona Oeste do Rio de Janeiro, delimitado pelo Maci\u00e7o da Pedra Branca e a Serra do Mendanha. \u00c9 conhecido por suas altas temperaturas, embora as noites de inverno sejam frias devido \u00e0 proximidade com as serras.<\/em><\/p>\n\n\n\n<p><\/p>\n\n\n\n<p>A \u00e1rea atual do bairro foi definida em 1981, atrav\u00e9s do Decreto N\u00famero 3.158, com uma extens\u00e3o de 2.605,42 hectares. Pertencente \u00e0 Quinta \u00c1rea de Planejamento, Realengo d\u00e1 nome \u00e0 XXXIII Regi\u00e3o Administrativa da cidade do Rio de Janeiro, que tamb\u00e9m inclui os bairros de Deodoro, Jardim Sulacap, Vila Militar, Magalh\u00e3es Bastos e Campo dos Afonsos.<\/p>\n\n\n\n<p><\/p>\n\n\n\n<h3 class=\"wp-block-heading\"><strong>Origem do Nome Realengo<\/strong><\/h3>\n\n\n\n<p>H\u00e1 v\u00e1rias vers\u00f5es para a origem do nome do bairro. Segundo uma delas, o nome &#8220;Realengo&#8221; se origina da denomina\u00e7\u00e3o da regi\u00e3o imperial que era &#8220;terras realengas de Campo Grande&#8221;, do germ\u00e2nico &#8220;realenga&#8221;, que nomeava tudo que estava longe do poder real. Entretanto, seu nome \u00e9 uma abreviatura do nome &#8220;Real Engenho&#8221;, um dos sub\u00farbios da Estrada de Ferro Central do Brasil. Como o nome n\u00e3o cabia inteiro na placa no alto dos bondes, ficou abreviado na placa: Real Eng\u00ba. Com o tempo, as pessoas passaram a chamar este bonde de Realengo, assim consolidando o nome deste sub\u00farbio.<\/p>\n\n\n\n<p><\/p>\n\n\n\n<h3 class=\"wp-block-heading\"><strong>Hist\u00f3ria do Bairro Realengo<\/strong><\/h3>\n\n\n\n<p>O bairro teve como seus primeiros povoadores escravos e emigrantes portugueses da ilha dos A\u00e7ores, que se dedicaram \u00e0 agricultura, levando produtos como a\u00e7\u00facar, rapadura, \u00e1lcool e cacha\u00e7a pelo porto de Guaratiba. Ao contr\u00e1rio das regi\u00f5es lim\u00edtrofes, n\u00e3o houve engenhos em Realengo, e a cana-de-a\u00e7\u00facar colhida na regi\u00e3o era processada em engenhos situados em outros bairros.<\/p>\n\n\n\n<p>A oficializa\u00e7\u00e3o e cria\u00e7\u00e3o de Realengo ocorreram em 20 de novembro de 1815, segundo documenta\u00e7\u00e3o oficial. Em 2 de outubro de 1878, foi inaugurada a Esta\u00e7\u00e3o de Realengo da Estrada de Ferro Dom Pedro II, hoje conhecida como Central do Brasil. Essa esta\u00e7\u00e3o ferrovi\u00e1ria, juntamente com a Pra\u00e7a Padre Miguel, s\u00e3o os principais pontos de refer\u00eancia do bairro.<\/p>\n\n\n\n<p><\/p>\n\n\n\n<h3 class=\"wp-block-heading\"><strong>Curiosidades sobre Realengo<\/strong><\/h3>\n\n\n\n<p>O bairro Realengo \u00e9 marcado por uma grande diversidade cultural, abrigando v\u00e1rias escolas de samba e blocos de carnaval. A Semana de Realengo \u00e9 celebrada desde 2002, a fim de homenagear o bairro. Seu patrim\u00f4nio hist\u00f3rico e cultural inclui a Igreja de S\u00e3o Sebasti\u00e3o de Realengo, a Igreja Nossa Senhora de F\u00e1tima, o Teatro M\u00e1rio Lago e a Pra\u00e7a Padre Miguel.<\/p>\n\n\n\n<p>Realengo \u00e9 um bairro que oferece muitas op\u00e7\u00f5es de lazer e com\u00e9rcio, com diversos shoppings centers e um polo gastron\u00f4mico, o Polo Gourmet. \u00c9 um local de f\u00e1cil acesso, com uma esta\u00e7\u00e3o de trem e v\u00e1rias linhas de \u00f4nibus. <\/p>\n\n\n\n<p><\/p>\n\n\n\n<div class=\"wp-block-columns alignwide is-layout-flex wp-container-2 wp-block-columns-is-layout-flex\">\n<div class=\"wp-block-column is-layout-flow wp-block-column-is-layout-flow\" style=\"flex-basis:100%\">\n<iframe loading=\"lazy\" src=\"https:\/\/imoveldoproprietario.com.br\/carrossel-blog\/todos\/todos\/rj\/rio-de-janeiro\/realengo\/de-0-a-0\/0\/0\/0\/0\/1\/0\/3\/todas\" title=\"description\" width=\"100%\" height=\"560\"><\/iframe>\n<script async src=\"https:\/\/pagead2.googlesyndication.com\/pagead\/js\/adsbygoogle.js?client=ca-pub-7076656487617186\"\ncrossorigin=\"anonymous\"><\/script>\n<!-- Footer de postagens do blog -->\n<ins class=\"adsbygoogle\"\n style=\"display:block\"\n data-ad-client=\"ca-pub-7076656487617186\"\n data-ad-slot=\"1097759328\"\n data-ad-format=\"auto\"\n data-full-width-responsive=\"true\"><\/ins>\n<script>\n(adsbygoogle = window.adsbygoogle || []).push({});\n<\/script>\n<\/div>\n<\/div>\n","protected":false},"excerpt":{"rendered":"<p>Realengo \u00e9 um grande e populoso bairro da Zona Oeste do Rio de Janeiro, delimitado pelo Maci\u00e7o da Pedra Branca e a Serra do Mendanha. \u00c9 conhecido por suas altas&hellip; <\/p>\n","protected":false},"author":6,"featured_media":0,"comment_status":"open","ping_status":"open","sticky":false,"template":"","format":"standard","meta":{"footnotes":""},"categories":[8],"tags":[],"yoast_head":"<!-- This site is optimized with the Yoast SEO plugin v21.5 - https:\/\/yoast.com\/wordpress\/plugins\/seo\/ -->\n<title>Realengo: conhe\u00e7a o bairro populoso e hist\u00f3rico do Rio de Janeiro - Jornal Im\u00f3velp<\/title>\n<meta name=\"robots\" content=\"index, follow, max-snippet:-1, max-image-preview:large, max-video-preview:-1\" \/>\n<link rel=\"canonical\" href=\"https:\/\/www.imovelp.com.br\/blog\/realengo\/\" \/>\n<meta property=\"og:locale\" content=\"en_US\" \/>\n<meta property=\"og:type\" content=\"article\" \/>\n<meta property=\"og:title\" content=\"Realengo: conhe\u00e7a o bairro populoso e hist\u00f3rico do Rio de Janeiro - Jornal Im\u00f3velp\" \/>\n<meta property=\"og:description\" content=\"Realengo \u00e9 um grande e populoso bairro da Zona Oeste do Rio de Janeiro, delimitado pelo Maci\u00e7o da Pedra Branca e a Serra do Mendanha. \u00c9 conhecido por suas altas&hellip;\" \/>\n<meta property=\"og:url\" content=\"https:\/\/www.imovelp.com.br\/blog\/realengo\/\" \/>\n<meta property=\"og:site_name\" content=\"Jornal Im\u00f3velp\" \/>\n<meta property=\"article:published_time\" content=\"2023-04-14T12:52:55+00:00\" \/>\n<meta property=\"article:modified_time\" content=\"2023-10-26T18:53:56+00:00\" \/>\n<meta property=\"og:image\" content=\"https:\/\/www.imovelp.com.br\/blog\/wp-content\/uploads\/2023\/04\/article-1024x768.jpg\" \/>\n<meta name=\"twitter:card\" content=\"summary_large_image\" \/>\n<meta name=\"twitter:label1\" content=\"Written by\" \/>\n\t<meta name=\"twitter:data1\" content=\"\" \/>\n\t<meta name=\"twitter:label2\" content=\"Est. reading time\" \/>\n\t<meta name=\"twitter:data2\" content=\"2 minutes\" \/>\n<script type=\"application\/ld+json\" class=\"yoast-schema-graph\">{\"@context\":\"https:\/\/schema.org\",\"@graph\":[{\"@type\":\"WebPage\",\"@id\":\"https:\/\/www.imovelp.com.br\/blog\/realengo\/\",\"url\":\"https:\/\/www.imovelp.com.br\/blog\/realengo\/\",\"name\":\"Realengo: conhe\u00e7a o bairro populoso e hist\u00f3rico do Rio de Janeiro - Jornal Im\u00f3velp\",\"isPartOf\":{\"@id\":\"https:\/\/www.imovelp.com.br\/blog\/#website\"},\"datePublished\":\"2023-04-14T12:52:55+00:00\",\"dateModified\":\"2023-10-26T18:53:56+00:00\",\"author\":{\"@id\":\"\"},\"breadcrumb\":{\"@id\":\"https:\/\/www.imovelp.com.br\/blog\/realengo\/#breadcrumb\"},\"inLanguage\":\"en-US\",\"potentialAction\":[{\"@type\":\"ReadAction\",\"target\":[\"https:\/\/www.imovelp.com.br\/blog\/realengo\/\"]}]},{\"@type\":\"BreadcrumbList\",\"@id\":\"https:\/\/www.imovelp.com.br\/blog\/realengo\/#breadcrumb\",\"itemListElement\":[{\"@type\":\"ListItem\",\"position\":1,\"name\":\"Home\",\"item\":\"https:\/\/www.imovelp.com.br\/blog\/\"},{\"@type\":\"ListItem\",\"position\":2,\"name\":\"Realengo: conhe\u00e7a o bairro populoso e hist\u00f3rico do Rio de Janeiro\"}]},{\"@type\":\"WebSite\",\"@id\":\"https:\/\/www.imovelp.com.br\/blog\/#website\",\"url\":\"https:\/\/www.imovelp.com.br\/blog\/\",\"name\":\"Jornal Im\u00f3velp\",\"description\":\"Portal de Not\u00edcias do Corretor de Im\u00f3veis\",\"potentialAction\":[{\"@type\":\"SearchAction\",\"target\":{\"@type\":\"EntryPoint\",\"urlTemplate\":\"https:\/\/www.imovelp.com.br\/blog\/?s={search_term_string}\"},\"query-input\":\"required name=search_term_string\"}],\"inLanguage\":\"en-US\"},{\"@type\":\"Person\",\"@id\":\"\",\"url\":\"https:\/\/www.imovelp.com.br\/blog\/author\/\"}]}<\/script>\n<!-- \/ Yoast SEO plugin. -->","yoast_head_json":{"title":"Realengo: conhe\u00e7a o bairro populoso e hist\u00f3rico do Rio de Janeiro - Jornal Im\u00f3velp","robots":{"index":"index","follow":"follow","max-snippet":"max-snippet:-1","max-image-preview":"max-image-preview:large","max-video-preview":"max-video-preview:-1"},"canonical":"https:\/\/www.imovelp.com.br\/blog\/realengo\/","og_locale":"en_US","og_type":"article","og_title":"Realengo: conhe\u00e7a o bairro populoso e hist\u00f3rico do Rio de Janeiro - Jornal Im\u00f3velp","og_description":"Realengo \u00e9 um grande e populoso bairro da Zona Oeste do Rio de Janeiro, delimitado pelo Maci\u00e7o da Pedra Branca e a Serra do Mendanha. \u00c9 conhecido por suas altas&hellip;","og_url":"https:\/\/www.imovelp.com.br\/blog\/realengo\/","og_site_name":"Jornal Im\u00f3velp","article_published_time":"2023-04-14T12:52:55+00:00","article_modified_time":"2023-10-26T18:53:56+00:00","og_image":[{"url":"https:\/\/www.imovelp.com.br\/blog\/wp-content\/uploads\/2023\/04\/article-1024x768.jpg"}],"twitter_card":"summary_large_image","twitter_misc":{"Written by":"","Est. reading time":"2 minutes"},"schema":{"@context":"https:\/\/schema.org","@graph":[{"@type":"WebPage","@id":"https:\/\/www.imovelp.com.br\/blog\/realengo\/","url":"https:\/\/www.imovelp.com.br\/blog\/realengo\/","name":"Realengo: conhe\u00e7a o bairro populoso e hist\u00f3rico do Rio de Janeiro - Jornal Im\u00f3velp","isPartOf":{"@id":"https:\/\/www.imovelp.com.br\/blog\/#website"},"datePublished":"2023-04-14T12:52:55+00:00","dateModified":"2023-10-26T18:53:56+00:00","author":{"@id":""},"breadcrumb":{"@id":"https:\/\/www.imovelp.com.br\/blog\/realengo\/#breadcrumb"},"inLanguage":"en-US","potentialAction":[{"@type":"ReadAction","target":["https:\/\/www.imovelp.com.br\/blog\/realengo\/"]}]},{"@type":"BreadcrumbList","@id":"https:\/\/www.imovelp.com.br\/blog\/realengo\/#breadcrumb","itemListElement":[{"@type":"ListItem","position":1,"name":"Home","item":"https:\/\/www.imovelp.com.br\/blog\/"},{"@type":"ListItem","position":2,"name":"Realengo: conhe\u00e7a o bairro populoso e hist\u00f3rico do Rio de Janeiro"}]},{"@type":"WebSite","@id":"https:\/\/www.imovelp.com.br\/blog\/#website","url":"https:\/\/www.imovelp.com.br\/blog\/","name":"Jornal Im\u00f3velp","description":"Portal de Not\u00edcias do Corretor de Im\u00f3veis","potentialAction":[{"@type":"SearchAction","target":{"@type":"EntryPoint","urlTemplate":"https:\/\/www.imovelp.com.br\/blog\/?s={search_term_string}"},"query-input":"required name=search_term_string"}],"inLanguage":"en-US"},{"@type":"Person","@id":"","url":"https:\/\/www.imovelp.com.br\/blog\/author\/"}]}},"_links":{"self":[{"href":"https:\/\/www.imovelp.com.br\/blog\/wp-json\/wp\/v2\/posts\/1643"}],"collection":[{"href":"https:\/\/www.imovelp.com.br\/blog\/wp-json\/wp\/v2\/posts"}],"about":[{"href":"https:\/\/www.imovelp.com.br\/blog\/wp-json\/wp\/v2\/types\/post"}],"author":[{"embeddable":true,"href":"https:\/\/www.imovelp.com.br\/blog\/wp-json\/wp\/v2\/users\/6"}],"replies":[{"embeddable":true,"href":"https:\/\/www.imovelp.com.br\/blog\/wp-json\/wp\/v2\/comments?post=1643"}],"version-history":[{"count":4,"href":"https:\/\/www.imovelp.com.br\/blog\/wp-json\/wp\/v2\/posts\/1643\/revisions"}],"predecessor-version":[{"id":1707,"href":"https:\/\/www.imovelp.com.br\/blog\/wp-json\/wp\/v2\/posts\/1643\/revisions\/1707"}],"wp:attachment":[{"href":"https:\/\/www.imovelp.com.br\/blog\/wp-json\/wp\/v2\/media?parent=1643"}],"wp:term":[{"taxonomy":"category","embeddable":true,"href":"https:\/\/www.imovelp.com.br\/blog\/wp-json\/wp\/v2\/categories?post=1643"},{"taxonomy":"post_tag","embeddable":true,"href":"https:\/\/www.imovelp.com.br\/blog\/wp-json\/wp\/v2\/tags?post=1643"}],"curies":[{"name":"wp","href":"https:\/\/api.w.org\/{rel}","templated":true}]}}