{"id":1397,"date":"2022-09-05T18:43:48","date_gmt":"2022-09-05T18:43:48","guid":{"rendered":"https:\/\/www.imovelp.com.br\/blog\/?p=1397"},"modified":"2022-09-05T18:43:51","modified_gmt":"2022-09-05T18:43:51","slug":"panorama-do-mercado-imobiliario","status":"publish","type":"post","link":"https:\/\/www.imovelp.com.br\/blog\/panorama-do-mercado-imobiliario\/","title":{"rendered":"Panorama do mercado imobili\u00e1rio"},"content":{"rendered":"\n<p class=\"has-text-align-center\"><em>Voc\u00ea \u00e9 corretor ou busca entrar no ramo, por\u00e9m n\u00e3o tem ideia do panorama do mercado imobili\u00e1rio? N\u00f3s, da Im\u00f3vep j\u00e1 te adiantamos que a perspectiva \u00e9 de sucesso. Leia o conte\u00fado e entenda!<\/em><\/p>\n\n\n\n<figure class=\"wp-block-image size-large\"><img decoding=\"async\" src=\"https:\/\/www.imovelp.com.br\/blog\/wp-content\/uploads\/2022\/09\/Panorama-do-mercado-imobiliario-2.png\" alt=\"\" class=\"wp-image-1398\"\/><\/figure>\n\n\n\n<p>O sonho de muitas pessoas que desejam entrar em uma carreira independente e promissora no mercado de trabalho \u00e9 ser corretor de im\u00f3veis. Entretanto, aparecem algumas d\u00favidas a respeito dessa profiss\u00e3o que acabam influenciando na decis\u00e3o.&nbsp;<\/p>\n\n\n\n<p>Se voc\u00ea est\u00e1 indeciso em ser corretor de im\u00f3veis e mudar de vez sua vida profissional, ent\u00e3o n\u00f3s iremos te ajudar a tomar essa decis\u00e3o. J\u00e1 podemos adiantar que vale muito a pena seguir essa carreira no <strong>mercado imobili\u00e1rio<\/strong>.<\/p>\n\n\n\n<p>N\u00f3s da Im\u00f3vep vamos contar os motivos para ser corretor que v\u00e3o te convencer a entrar de vez no <strong>mercado imobili\u00e1rio<\/strong>. Veja os t\u00f3picos abaixo:<\/p>\n\n\n\n<ul><li>Vale a pena ser corretor de im\u00f3veis em 2022?;<\/li><li>Reaquecimento do<strong> mercado imobili\u00e1rio<\/strong>;<\/li><li>Oportunidade de construir uma carreira s\u00f3lida;<\/li><li>Flexibilidade de hor\u00e1rios;<\/li><li>Possibilidade de conhecer muitas pessoas.<\/li><\/ul>\n\n\n\n<h2 class=\"wp-block-heading\"><strong>Vale a pena ser corretor de im\u00f3veis em 2022?<\/strong><\/h2>\n\n\n\n<p>Para entendermos se vale a pena ser corretor \u00e9 preciso nos atentarmos para as fun\u00e7\u00f5es de um profissional do<strong> mercado imobili\u00e1rio<\/strong> e tamb\u00e9m para sua capacita\u00e7\u00e3o. Os corretores s\u00e3o respons\u00e1veis por realizar neg\u00f3cios entre clientes que desejam vender ou comprar um im\u00f3vel.&nbsp;<\/p>\n\n\n\n<p>Para que voc\u00ea tome a decis\u00e3o correta \u00e9 importante entender o dinamismo da profiss\u00e3o, que muitas vezes \u00e9 o que mais chama aten\u00e7\u00e3o dos novos corretores. <\/p>\n\n\n\n<p>Al\u00e9m da capta\u00e7\u00e3o de im\u00f3veis e de clientes compradores, visitas e processos burocr\u00e1ticos, um corretor de im\u00f3veis tem que estar ligado nas novidades jur\u00eddicas e t\u00e9cnicas sobre o <strong>mercado imobili\u00e1rio<\/strong>.&nbsp;<\/p>\n\n\n\n<p>E corretores que escolhem ser membros do Clube Im\u00f3velp j\u00e1 saem na frente da concorr\u00eancia, visto que contam com uma s\u00e9rie de vantagens que facilitam a assertividade das negocia\u00e7\u00f5es e capta\u00e7\u00e3o de clientes.<\/p>\n\n\n\n<h2 class=\"wp-block-heading\"><strong>Reaquecimento do mercado imobili\u00e1rio<\/strong><\/h2>\n\n\n\n<p>A crise sofrida pelo Brasil por conta da pandemia do novo coronav\u00edrus \u00e9 n\u00edtida e causou um grande preju\u00edzo na economia. Entretanto, passado o auge da crise no sistema de sa\u00fade, alguns setores conseguiram escapar de tudo isso e, um deles, foi o imobili\u00e1rio.<\/p>\n\n\n\n<p>No ano de 2021, por exemplo, o mercado deu uma alta disponibilidade de cr\u00e9dito, que colaborou para os clientes irem aos financiamentos. E<\/p>\n\n\n\n<p>Para 2022 e os pr\u00f3ximos anos, a tend\u00eancia \u00e9 continuar ou at\u00e9 melhorar. Assim, ser corretor atualmente pode ser uma v\u00e1lvula de escape para se ter um novo emprego de sucesso.&nbsp;<\/p>\n\n\n\n<p>Sem contar as diversas vantagens que voc\u00ea ter\u00e1 ao escolher trabalhar uma ferramenta que valoriza o seu trabalho, como \u00e9 a Im\u00f3vep. Portanto, essa \u00e9 uma \u00f3tima op\u00e7\u00e3o a se pensar.<\/p>\n\n\n\n<h2 class=\"wp-block-heading\"><strong>Taxa Selic<\/strong> <strong>no<\/strong> <strong>mercado imobili\u00e1rio<\/strong><\/h2>\n\n\n\n<figure class=\"wp-block-image size-large\"><img decoding=\"async\" src=\"https:\/\/www.imovelp.com.br\/blog\/wp-content\/uploads\/2022\/09\/Panorama-do-mercado-imobiliario-3.png\" alt=\"\" class=\"wp-image-1399\"\/><\/figure>\n\n\n\n<p>Um outro fator que deve ser levado em considera\u00e7\u00e3o \u00e9 o aumento da Taxa Selic (Sistema Especial de Liquida\u00e7\u00e3o e Cust\u00f3dia), que \u00e9 uma refer\u00eancia para o custo de cr\u00e9ditos e juros em geral.&nbsp;<\/p>\n\n\n\n<p>A partir da sua eleva\u00e7\u00e3o, os financiamentos e empr\u00e9stimos ficam mais caros e, consequentemente, bancos e empresas financeiras cobram juros mais altos nas negocia\u00e7\u00f5es.&nbsp;<\/p>\n\n\n\n<p>A Taxa Selic hoje est\u00e1 em 13,75% ao ano. Foi definida no dia 3 de agosto de 2022 pelo Copom, que decidiu elevar em 0,5 p.p.<\/p>\n\n\n\n<p>Dessa forma, o aumento da Taxa Selic n\u00e3o deve ser problema para voc\u00ea, que j\u00e1 \u00e9 corretor, ou que deseja entrar na \u00e1rea, pois n\u00e3o vai afetar no momento de concretizar a venda.\u00a0<\/p>\n\n\n\n<h2 class=\"wp-block-heading\"><strong>Oportunidade de construir uma carreira s\u00f3lida<\/strong><\/h2>\n\n\n\n<p>A profiss\u00e3o de corretor de im\u00f3veis est\u00e1 sempre em constante evolu\u00e7\u00e3o e aperfei\u00e7oamento, j\u00e1 que \u00e9 preciso ter no\u00e7\u00e3o de gest\u00e3o de pessoas e de neg\u00f3cios (vendas).&nbsp;<\/p>\n\n\n\n<p>Por isso, muitas pessoas que escolhem essa profiss\u00e3o tendem a se desenvolver muito bem profissionalmente no ramo imobili\u00e1rio.<\/p>\n\n\n\n<p>Grande potencial de renda<\/p>\n\n\n\n<p>Sem d\u00favida, um dos \u00f3timos motivos para ser corretor de im\u00f3veis \u00e9 a boa remunera\u00e7\u00e3o que se pode ganhar, dependendo da corretora ou imobili\u00e1ria.&nbsp;<\/p>\n\n\n\n<p>\u00c9 poss\u00edvel ter \u00f3timos ganhos a cada venda realizada, seja trabalhando como funcion\u00e1rio ou como corretor de im\u00f3vel independente.<\/p>\n\n\n\n<h2 class=\"wp-block-heading\"><strong>Flexibilidade de hor\u00e1rios<\/strong> <strong>mercado imobili\u00e1rio<\/strong><\/h2>\n\n\n\n<p>Ter uma rotina de trabalho flex\u00edvel, com hor\u00e1rios que podem se moldar de acordo com as necessidades de cada dia \u00e9 um sonho de muitas pessoas. E os corretores de im\u00f3veis podem ter esse conforto.<\/p>\n\n\n\n<p>Com isso, \u00e9 poss\u00edvel ter mais qualidade de vida e conciliar melhor o trabalho com a vida pessoal, assegurando uma sa\u00fade mental est\u00e1vel.\u00a0<\/p>\n\n\n\n<p>Ent\u00e3o, fique ligado e busque por locais com estrutura para desempenhar suas atividades de maneira assertiva e tamb\u00e9m produtiva.&nbsp;<\/p>\n\n\n\n<p>At\u00e9 porque, por ser um setor prim\u00e1rio, de uma coisa voc\u00ea pode ter certeza: n\u00e3o faltar\u00e1 demanda no mercado .<\/p>\n\n\n\n<p>Ser membro do <a href=\"https:\/\/www.imovelp.com.br\/blog\/captacao-de-imoveis-conheca-todas-as-funcionalidades-do-clube-imovelp\/\" target=\"_blank\" rel=\"noreferrer noopener nofollow\">clube Im\u00f3vep<\/a> economiza n\u00e3o somente o seu tempo, mas tamb\u00e9m permite que voc\u00ea fique com 100% da comiss\u00e3o para im\u00f3veis cadastrados em nosso sistema. Para lan\u00e7amentos de construtoras, o valor da comiss\u00e3o \u00e9 de 90%.<\/p>\n\n\n\n<p>Nada mal, n\u00e3o \u00e9 mesmo? Para ter ainda mais rendimento, comece sua carreira como corretor de im\u00f3veis em 2022 no Clube Im\u00f3velp.<\/p>\n\n\n\n<h2 class=\"wp-block-heading\"><strong>Aumenta a cultura geral<\/strong><\/h2>\n\n\n\n<p>Al\u00e9m de todas as vantagens j\u00e1 citadas para investir na corretagem, outro ponto que merece destaque \u00e9 a possibilidade de adquirir conhecimento geral que a profiss\u00e3o oferece.&nbsp;<\/p>\n\n\n\n<p>O corretor de im\u00f3veis sempre est\u00e1 aprendendo, visto que precisa buscar informa\u00e7\u00f5es sobre a cidade ou bairro em que pretende atuar no ramo imobili\u00e1rio. <\/p>\n\n\n\n<p>Ao mesmo tempo, a troca de ideias e conversas com os compradores tamb\u00e9m oferecem informa\u00e7\u00f5es interessantes no dia a dia de trabalho.\u00a0<\/p>\n\n\n\n<h2 class=\"wp-block-heading\"><strong>Possibilidade de conhecer muitas pessoas<\/strong><\/h2>\n\n\n\n<figure class=\"wp-block-image size-large\"><img decoding=\"async\" src=\"https:\/\/www.imovelp.com.br\/blog\/wp-content\/uploads\/2022\/09\/Panorama-do-mercado-imobiliario-1.png\" alt=\"\" class=\"wp-image-1400\"\/><\/figure>\n\n\n\n<p>O n\u00famero de pessoas que um corretor de im\u00f3veis conhece por m\u00eas \u00e9 gigante. Ent\u00e3o, dificilmente, voc\u00ea vai se entediar nessa profiss\u00e3o que te oferece bastante possibilidade de conhecer novas pessoas.&nbsp;<\/p>\n\n\n\n<p>Por esse motivo, ser corretor de im\u00f3veis \u00e9 saber que sempre ter\u00e1 pessoas para interagir, tanto com os clientes, quanto com outros colegas de profiss\u00e3o, propriet\u00e1rios de im\u00f3veis ou outros perfis.&nbsp;&nbsp;<\/p>\n\n\n\n<p>Dessa maneira, independente da idade, todos podem ser corretores de im\u00f3veis. Afinal, existem diversos tipos de p\u00fablicos.<\/p>\n\n\n\n<p>Voc\u00ea ainda tem d\u00favidas sobre ser corretor de im\u00f3veis? Depois desses motivos, ir\u00e1 investir nessa profiss\u00e3o? Ent\u00e3o conhe\u00e7a as oportunidades que a Imovelp oferece para que voc\u00ea se torne um corretor com \u00f3timas comiss\u00f5es de vendas!<\/p>\n\n\n\n<p>Como j\u00e1 dissemos, tudo conspira a favor do <strong>mercado imobili\u00e1rio<\/strong>. Com certeza voc\u00ea fechar\u00e1 \u00f3timos neg\u00f3cios e ter\u00e1 um ano de sucesso.\u00a0<\/p>\n\n\n\n<p>Se voc\u00ea ainda n\u00e3o \u00e9 um profissional desta \u00e1rea, envie uma mensagem para n\u00f3s e venha come\u00e7ar a sua carreira em uma plataforma \u00fanica, que conta com parceiros reconhecidos no mercado, como a imovelweb, AZimoveis, entre outras.&nbsp;<\/p>\n\n\n\n<p>Conte com a Im\u00f3velp para maximizar seus resultados desde o in\u00edcio. Entre em contato por <a href=\"https:\/\/api.whatsapp.com\/send?phone=5511976804277&amp;text=Ol%C3%A1%20Im%C3%B3velp!%20Gostaria%20de%20ajuda.\">Whatsapp <\/a>e tenha o ambiente perfeito de vendas na tela de seu computador.&nbsp;<\/p>\n","protected":false},"excerpt":{"rendered":"<p>Voc\u00ea \u00e9 corretor ou busca entrar no ramo, por\u00e9m n\u00e3o tem ideia do panorama do mercado imobili\u00e1rio? N\u00f3s, da Im\u00f3vep j\u00e1 te adiantamos que a perspectiva \u00e9 de sucesso. Leia&hellip; <\/p>\n","protected":false},"author":5,"featured_media":0,"comment_status":"open","ping_status":"open","sticky":false,"template":"","format":"standard","meta":{"footnotes":""},"categories":[],"tags":[],"yoast_head":"<!-- This site is optimized with the Yoast SEO plugin v21.5 - https:\/\/yoast.com\/wordpress\/plugins\/seo\/ -->\n<title>Panorama do mercado imobili\u00e1rio - Jornal Im\u00f3velp<\/title>\n<meta name=\"robots\" content=\"index, follow, max-snippet:-1, max-image-preview:large, max-video-preview:-1\" \/>\n<link rel=\"canonical\" href=\"https:\/\/www.imovelp.com.br\/blog\/panorama-do-mercado-imobiliario\/\" \/>\n<meta property=\"og:locale\" content=\"en_US\" \/>\n<meta property=\"og:type\" content=\"article\" \/>\n<meta property=\"og:title\" content=\"Panorama do mercado imobili\u00e1rio - Jornal Im\u00f3velp\" \/>\n<meta property=\"og:description\" content=\"Voc\u00ea \u00e9 corretor ou busca entrar no ramo, por\u00e9m n\u00e3o tem ideia do panorama do mercado imobili\u00e1rio? N\u00f3s, da Im\u00f3vep j\u00e1 te adiantamos que a perspectiva \u00e9 de sucesso. Leia&hellip;\" \/>\n<meta property=\"og:url\" content=\"https:\/\/www.imovelp.com.br\/blog\/panorama-do-mercado-imobiliario\/\" \/>\n<meta property=\"og:site_name\" content=\"Jornal Im\u00f3velp\" \/>\n<meta property=\"article:published_time\" content=\"2022-09-05T18:43:48+00:00\" \/>\n<meta property=\"article:modified_time\" content=\"2022-09-05T18:43:51+00:00\" \/>\n<meta property=\"og:image\" content=\"https:\/\/www.imovelp.com.br\/blog\/wp-content\/uploads\/2022\/09\/Panorama-do-mercado-imobiliario-2.png\" \/>\n<meta name=\"twitter:card\" content=\"summary_large_image\" \/>\n<meta name=\"twitter:label1\" content=\"Written by\" \/>\n\t<meta name=\"twitter:data1\" content=\"\" \/>\n\t<meta name=\"twitter:label2\" content=\"Est. reading time\" \/>\n\t<meta name=\"twitter:data2\" content=\"6 minutes\" \/>\n<script type=\"application\/ld+json\" class=\"yoast-schema-graph\">{\"@context\":\"https:\/\/schema.org\",\"@graph\":[{\"@type\":\"WebPage\",\"@id\":\"https:\/\/www.imovelp.com.br\/blog\/panorama-do-mercado-imobiliario\/\",\"url\":\"https:\/\/www.imovelp.com.br\/blog\/panorama-do-mercado-imobiliario\/\",\"name\":\"Panorama do mercado imobili\u00e1rio - Jornal Im\u00f3velp\",\"isPartOf\":{\"@id\":\"https:\/\/www.imovelp.com.br\/blog\/#website\"},\"datePublished\":\"2022-09-05T18:43:48+00:00\",\"dateModified\":\"2022-09-05T18:43:51+00:00\",\"author\":{\"@id\":\"\"},\"breadcrumb\":{\"@id\":\"https:\/\/www.imovelp.com.br\/blog\/panorama-do-mercado-imobiliario\/#breadcrumb\"},\"inLanguage\":\"en-US\",\"potentialAction\":[{\"@type\":\"ReadAction\",\"target\":[\"https:\/\/www.imovelp.com.br\/blog\/panorama-do-mercado-imobiliario\/\"]}]},{\"@type\":\"BreadcrumbList\",\"@id\":\"https:\/\/www.imovelp.com.br\/blog\/panorama-do-mercado-imobiliario\/#breadcrumb\",\"itemListElement\":[{\"@type\":\"ListItem\",\"position\":1,\"name\":\"Home\",\"item\":\"https:\/\/www.imovelp.com.br\/blog\/\"},{\"@type\":\"ListItem\",\"position\":2,\"name\":\"Panorama do mercado imobili\u00e1rio\"}]},{\"@type\":\"WebSite\",\"@id\":\"https:\/\/www.imovelp.com.br\/blog\/#website\",\"url\":\"https:\/\/www.imovelp.com.br\/blog\/\",\"name\":\"Jornal Im\u00f3velp\",\"description\":\"Portal de Not\u00edcias do Corretor de Im\u00f3veis\",\"potentialAction\":[{\"@type\":\"SearchAction\",\"target\":{\"@type\":\"EntryPoint\",\"urlTemplate\":\"https:\/\/www.imovelp.com.br\/blog\/?s={search_term_string}\"},\"query-input\":\"required name=search_term_string\"}],\"inLanguage\":\"en-US\"},{\"@type\":\"Person\",\"@id\":\"\",\"url\":\"https:\/\/www.imovelp.com.br\/blog\/author\/\"}]}<\/script>\n<!-- \/ Yoast SEO plugin. -->","yoast_head_json":{"title":"Panorama do mercado imobili\u00e1rio - Jornal Im\u00f3velp","robots":{"index":"index","follow":"follow","max-snippet":"max-snippet:-1","max-image-preview":"max-image-preview:large","max-video-preview":"max-video-preview:-1"},"canonical":"https:\/\/www.imovelp.com.br\/blog\/panorama-do-mercado-imobiliario\/","og_locale":"en_US","og_type":"article","og_title":"Panorama do mercado imobili\u00e1rio - Jornal Im\u00f3velp","og_description":"Voc\u00ea \u00e9 corretor ou busca entrar no ramo, por\u00e9m n\u00e3o tem ideia do panorama do mercado imobili\u00e1rio? N\u00f3s, da Im\u00f3vep j\u00e1 te adiantamos que a perspectiva \u00e9 de sucesso. Leia&hellip;","og_url":"https:\/\/www.imovelp.com.br\/blog\/panorama-do-mercado-imobiliario\/","og_site_name":"Jornal Im\u00f3velp","article_published_time":"2022-09-05T18:43:48+00:00","article_modified_time":"2022-09-05T18:43:51+00:00","og_image":[{"url":"https:\/\/www.imovelp.com.br\/blog\/wp-content\/uploads\/2022\/09\/Panorama-do-mercado-imobiliario-2.png"}],"twitter_card":"summary_large_image","twitter_misc":{"Written by":"","Est. reading time":"6 minutes"},"schema":{"@context":"https:\/\/schema.org","@graph":[{"@type":"WebPage","@id":"https:\/\/www.imovelp.com.br\/blog\/panorama-do-mercado-imobiliario\/","url":"https:\/\/www.imovelp.com.br\/blog\/panorama-do-mercado-imobiliario\/","name":"Panorama do mercado imobili\u00e1rio - Jornal Im\u00f3velp","isPartOf":{"@id":"https:\/\/www.imovelp.com.br\/blog\/#website"},"datePublished":"2022-09-05T18:43:48+00:00","dateModified":"2022-09-05T18:43:51+00:00","author":{"@id":""},"breadcrumb":{"@id":"https:\/\/www.imovelp.com.br\/blog\/panorama-do-mercado-imobiliario\/#breadcrumb"},"inLanguage":"en-US","potentialAction":[{"@type":"ReadAction","target":["https:\/\/www.imovelp.com.br\/blog\/panorama-do-mercado-imobiliario\/"]}]},{"@type":"BreadcrumbList","@id":"https:\/\/www.imovelp.com.br\/blog\/panorama-do-mercado-imobiliario\/#breadcrumb","itemListElement":[{"@type":"ListItem","position":1,"name":"Home","item":"https:\/\/www.imovelp.com.br\/blog\/"},{"@type":"ListItem","position":2,"name":"Panorama do mercado imobili\u00e1rio"}]},{"@type":"WebSite","@id":"https:\/\/www.imovelp.com.br\/blog\/#website","url":"https:\/\/www.imovelp.com.br\/blog\/","name":"Jornal Im\u00f3velp","description":"Portal de Not\u00edcias do Corretor de Im\u00f3veis","potentialAction":[{"@type":"SearchAction","target":{"@type":"EntryPoint","urlTemplate":"https:\/\/www.imovelp.com.br\/blog\/?s={search_term_string}"},"query-input":"required name=search_term_string"}],"inLanguage":"en-US"},{"@type":"Person","@id":"","url":"https:\/\/www.imovelp.com.br\/blog\/author\/"}]}},"_links":{"self":[{"href":"https:\/\/www.imovelp.com.br\/blog\/wp-json\/wp\/v2\/posts\/1397"}],"collection":[{"href":"https:\/\/www.imovelp.com.br\/blog\/wp-json\/wp\/v2\/posts"}],"about":[{"href":"https:\/\/www.imovelp.com.br\/blog\/wp-json\/wp\/v2\/types\/post"}],"author":[{"embeddable":true,"href":"https:\/\/www.imovelp.com.br\/blog\/wp-json\/wp\/v2\/users\/5"}],"replies":[{"embeddable":true,"href":"https:\/\/www.imovelp.com.br\/blog\/wp-json\/wp\/v2\/comments?post=1397"}],"version-history":[{"count":1,"href":"https:\/\/www.imovelp.com.br\/blog\/wp-json\/wp\/v2\/posts\/1397\/revisions"}],"predecessor-version":[{"id":1401,"href":"https:\/\/www.imovelp.com.br\/blog\/wp-json\/wp\/v2\/posts\/1397\/revisions\/1401"}],"wp:attachment":[{"href":"https:\/\/www.imovelp.com.br\/blog\/wp-json\/wp\/v2\/media?parent=1397"}],"wp:term":[{"taxonomy":"category","embeddable":true,"href":"https:\/\/www.imovelp.com.br\/blog\/wp-json\/wp\/v2\/categories?post=1397"},{"taxonomy":"post_tag","embeddable":true,"href":"https:\/\/www.imovelp.com.br\/blog\/wp-json\/wp\/v2\/tags?post=1397"}],"curies":[{"name":"wp","href":"https:\/\/api.w.org\/{rel}","templated":true}]}}